{"id":10072,"date":"2020-07-02T05:28:55","date_gmt":"2020-07-02T05:28:55","guid":{"rendered":"http:\/\/nahost-forum-bremen.de\/?p=10072"},"modified":"2021-05-24T13:21:51","modified_gmt":"2021-05-24T13:21:51","slug":"das-zionistische-israel-und-die-annexionsfrage","status":"publish","type":"post","link":"https:\/\/dpg-netz-bremen.de\/?p=10072","title":{"rendered":"Das zionistische Israel und die Annexionsfrage"},"content":{"rendered":"<div style=\"float: left; margin: 0 15px 5px 0;\"><iframe loading=\"lazy\" src=\"https:\/\/www.youtube.com\/embed\/KMD-h9GC_jQ\" allowfullscreen=\"allowfullscreen\" width=\"400\" height=\"225\" frameborder=\"0\"><span style=\"display: inline-block; width: 0px; overflow: hidden; line-height: 0;\" data-mce-type=\"bookmark\" class=\"mce_SELRES_start\">\ufeff<\/span><span style=\"display: inline-block; width: 0px; overflow: hidden; line-height: 0;\" data-mce-type=\"bookmark\" class=\"mce_SELRES_start\">\ufeff<\/span><span style=\"display: inline-block; width: 0px; overflow: hidden; line-height: 0;\" data-mce-type=\"bookmark\" class=\"mce_SELRES_start\">\ufeff<\/span><span style=\"display: inline-block; width: 0px; overflow: hidden; line-height: 0;\" data-mce-type=\"bookmark\" class=\"mce_SELRES_start\">\ufeff<\/span><span style=\"display: inline-block; width: 0px; overflow: hidden; line-height: 0;\" data-mce-type=\"bookmark\" class=\"mce_SELRES_start\"><span style=\"display: inline-block; width: 0px; overflow: hidden; line-height: 0;\" data-mce-type=\"bookmark\" class=\"mce_SELRES_start\">\ufeff<\/span>\ufeff<\/span>data-mce-type=&#8220;bookmark&#8220; class=&#8220;mce_SELRES_start&#8220;&gt;\ufeff<\/iframe><\/div>\r\n\r\n<p><strong>Israel und die Pal\u00e4stina-Frage \u2013 die Hintergr\u00fcnde des Konflikts f\u00fcr die ganze Region Naher Osten.<\/strong><\/p>\r\n<p>Gast: Dr. Tamar Amar-Dahl \/ IPG-Journal der F.-Ebert-Stiftung zu Annexion \/ Proteste von Guterres und EU \/ Pax Christi \/ Kairos Europa<\/p>\r\n<p>Die israelisch-deutsche Zeithistorikerin Dr. Tamar Amar-Dahl befasst sich mit der Geschichte des modernen Israel und dessen zionistisch-orientierter politischer Kultur. <!--more-->Mit ihrer Arbeit pr\u00e4gte sie den Begriff \u201eDas zionistische Israel\u201c. Ihr Hauptwerk &#8222;Zionist Israel and The Question of Palestine&#8220; erschien 2017. Mit einer Biographie promovierte sie 2008 an der Ludwig Maximilian Universit\u00e4t M\u00fcnchen. Ihre Dissertation 2010 erschien unter dem Titel &#8222;Shimon Peres: Friedenspolitiker und Nationalist\u201c. Der Begriff \u201eEretz Israel\u201c (deutsch: Land Israel) ist im Staatsverst\u00e4ndnis zentral. In der Sendung wird es um die Frage gehen, inwieweit f\u00fcr das zionistische Israel die Pal\u00e4stina-Frage, sprich die territoriale Frage, im Nahostkonflikt relevant ist.<\/p>\r\n<p>Bereits im Gr\u00fcndungsdokument des Staates Israel vom 14. Mai 1948 wird das Territorium des britischen Mandatsgebietes Pal\u00e4stina ausschlie\u00dflich mit dem Begriff &#8222;Eretz Israel&#8220; bezeichnet. Auch seitdem blieb \u201ePal\u00e4stina\u201c im israelischen Diskurs kein gebr\u00e4uchlicher Begriff. Wie ist dies m\u00f6glich nach 53j\u00e4hrigem Besatzung und einem zerm\u00fcrbenden Dauer-Spannungszustand? Wo bleibt das israelische Friedenslager? Welche Rolle spielt der Linkszionismus im gegenw\u00e4rtigen Israel? Wie steht die Weltgemeinschaft zur angestrebten Annexion von Teilen des Westjordanlandes? Ausgehend von der geplanten israelischen Annexion pal\u00e4stinensischer Gebiete wird die geb\u00fcrtige Israelin Dr. Tamar Amar-Dahl auf die Geschichte des Konfliktes eingehen, um die aktuellen Entwicklungen nachvollziehen zu k\u00f6nnen.<\/p>\r\n<p>Studiogast: Dr. Tamar Amar-Dahl Moderation: Clemens Ronnefeldt, Internationaler Vers\u00f6hnungsbund &#8211; Deutscher Zweig &#8211; 774. Sendung Informationen zum Gast: https:\/\/de.wikipedia.org\/wiki\/Tamar_A&#8230; Begriffserkl\u00e4rung: https:\/\/de.wikipedia.org\/wiki\/Eretz_I&#8230; Weitere Friedensfragen-Sendungen: https:\/\/www.youtube.com\/playlist?list&#8230; ABONNIEREN Sie unseren Kanal: https:\/\/cutt.ly\/Je1LIka oder schauen auf unserer Webseite vorbei: https:\/\/www.transparenz.tv Beachten Sie auch Seite unserer Kinofilme: https:\/\/www.lebenmitderenergiewende.de<\/p>","protected":false},"excerpt":{"rendered":"<p>\ufeff\ufeff\ufeff\ufeff\ufeff\ufeffdata-mce-type=&#8220;bookmark&#8220; class=&#8220;mce_SELRES_start&#8220;&gt;\ufeff Israel und die Pal\u00e4stina-Frage \u2013 die Hintergr\u00fcnde des Konflikts f\u00fcr die ganze Region Naher Osten. Gast: Dr. Tamar Amar-Dahl \/ IPG-Journal der F.-Ebert-Stiftung zu Annexion \/ Proteste von Guterres und EU \/ Pax Christi \/ Kairos Europa Die &hellip; <a href=\"https:\/\/dpg-netz-bremen.de\/?p=10072\">Weiterlesen <span class=\"meta-nav\">&rarr;<\/span><\/a><\/p>\n","protected":false},"author":1,"featured_media":0,"comment_status":"closed","ping_status":"closed","sticky":false,"template":"","format":"standard","meta":{"ngg_post_thumbnail":0,"footnotes":""},"categories":[3,9],"tags":[],"class_list":["post-10072","post","type-post","status-publish","format-standard","hentry","category-allgemein","category-videos"],"_links":{"self":[{"href":"https:\/\/dpg-netz-bremen.de\/index.php?rest_route=\/wp\/v2\/posts\/10072","targetHints":{"allow":["GET"]}}],"collection":[{"href":"https:\/\/dpg-netz-bremen.de\/index.php?rest_route=\/wp\/v2\/posts"}],"about":[{"href":"https:\/\/dpg-netz-bremen.de\/index.php?rest_route=\/wp\/v2\/types\/post"}],"author":[{"embeddable":true,"href":"https:\/\/dpg-netz-bremen.de\/index.php?rest_route=\/wp\/v2\/users\/1"}],"replies":[{"embeddable":true,"href":"https:\/\/dpg-netz-bremen.de\/index.php?rest_route=%2Fwp%2Fv2%2Fcomments&post=10072"}],"version-history":[{"count":4,"href":"https:\/\/dpg-netz-bremen.de\/index.php?rest_route=\/wp\/v2\/posts\/10072\/revisions"}],"predecessor-version":[{"id":10710,"href":"https:\/\/dpg-netz-bremen.de\/index.php?rest_route=\/wp\/v2\/posts\/10072\/revisions\/10710"}],"wp:attachment":[{"href":"https:\/\/dpg-netz-bremen.de\/index.php?rest_route=%2Fwp%2Fv2%2Fmedia&parent=10072"}],"wp:term":[{"taxonomy":"category","embeddable":true,"href":"https:\/\/dpg-netz-bremen.de\/index.php?rest_route=%2Fwp%2Fv2%2Fcategories&post=10072"},{"taxonomy":"post_tag","embeddable":true,"href":"https:\/\/dpg-netz-bremen.de\/index.php?rest_route=%2Fwp%2Fv2%2Ftags&post=10072"}],"curies":[{"name":"wp","href":"https:\/\/api.w.org\/{rel}","templated":true}]}}