{"id":11090,"date":"2022-01-29T08:32:00","date_gmt":"2022-01-29T08:32:00","guid":{"rendered":"http:\/\/nahost-forum-bremen.de\/?p=11090"},"modified":"2022-02-15T07:24:37","modified_gmt":"2022-02-15T07:24:37","slug":"sarah-el-bulbeisi-tabu-trauma-und-identitaet-subjektkonstruktionen-von-palaestinenserinnen","status":"publish","type":"post","link":"https:\/\/dpg-netz-bremen.de\/?p=11090","title":{"rendered":"Sarah El Bulbeisi: Tabu, Trauma und Identit\u00e4t. Subjektkonstruktionen von Pal\u00e4stinenserInnen"},"content":{"rendered":"<div style=\"float: left; margin: 0 15px 5px 0;\"><iframe loading=\"lazy\" src=\"https:\/\/www.youtube.com\/embed\/pSGzCmKzq1E\" allowfullscreen=\"allowfullscreen\" width=\"400\" height=\"225\" frameborder=\"0\"><span style=\"display: inline-block; width: 0px; overflow: hidden; line-height: 0;\" data-mce-type=\"bookmark\" class=\"mce_SELRES_start\">\ufeff<\/span><span style=\"display: inline-block; width: 0px; overflow: hidden; line-height: 0;\" data-mce-type=\"bookmark\" class=\"mce_SELRES_start\">\ufeff<\/span><span style=\"display: inline-block; width: 0px; overflow: hidden; line-height: 0;\" data-mce-type=\"bookmark\" class=\"mce_SELRES_start\">\ufeff<\/span><span style=\"display: inline-block; width: 0px; overflow: hidden; line-height: 0;\" data-mce-type=\"bookmark\" class=\"mce_SELRES_start\">\ufeff<\/span><span style=\"display: inline-block; width: 0px; overflow: hidden; line-height: 0;\" data-mce-type=\"bookmark\" class=\"mce_SELRES_start\">\ufeff<\/span><span style=\"display: inline-block; width: 0px; overflow: hidden; line-height: 0;\" data-mce-type=\"bookmark\" class=\"mce_SELRES_start\">\ufeff<\/span><span style=\"display: inline-block; width: 0px; overflow: hidden; line-height: 0;\" data-mce-type=\"bookmark\" class=\"mce_SELRES_start\">\ufeff<\/span><span style=\"display: inline-block; width: 0px; overflow: hidden; line-height: 0;\" data-mce-type=\"bookmark\" class=\"mce_SELRES_start\">\ufeff<\/span><span style=\"display: inline-block; width: 0px; overflow: hidden; line-height: 0;\" data-mce-type=\"bookmark\" class=\"mce_SELRES_start\">\ufeff<\/span><span style=\"display: inline-block; width: 0px; overflow: hidden; line-height: 0;\" data-mce-type=\"bookmark\" class=\"mce_SELRES_start\">\ufeff<\/span><span style=\"display: inline-block; width: 0px; overflow: hidden; line-height: 0;\" data-mce-type=\"bookmark\" class=\"mce_SELRES_start\">\ufeff<\/span><span style=\"display: inline-block; width: 0px; overflow: hidden; line-height: 0;\" data-mce-type=\"bookmark\" class=\"mce_SELRES_start\">\ufeff<\/span><span style=\"display: inline-block; width: 0px; overflow: hidden; line-height: 0;\" data-mce-type=\"bookmark\" class=\"mce_SELRES_start\">\ufeff<\/span><span style=\"display: inline-block; width: 0px; overflow: hidden; line-height: 0;\" data-mce-type=\"bookmark\" class=\"mce_SELRES_start\"><span style=\"display: inline-block; width: 0px; overflow: hidden; line-height: 0;\" data-mce-type=\"bookmark\" class=\"mce_SELRES_start\">\ufeff<\/span>\ufeff<\/span>\ufeffdata-mce-type=&#8220;bookmark&#8220; class=&#8220;mce_SELRES_start&#8220;&gt;\ufeff<\/iframe><\/div>\n<div>Sarah El Bulbeisi: Tabu, Trauma und Identit\u00e4t. Subjektkonstruktionen von Pal\u00e4stinenserInnen in Deutschland und der Schweiz<\/div>\n<p>Vortrag mit anschlie\u00dfender Diskussion<br \/>\nAm Donnerstag, 27. Januar 2022. Ort: ZOOM-Veranstaltung (online)<\/p>\n<p>Sarah El Bulbeisi ist wissenschaftliche Mitarbeiterin am Orient-Institut Beirut (OIB), wo sie nach ihrer Promotion am Institut f\u00fcr Nah- und Mitteloststudien der LMU M\u00fcnchen seit November 2019 arbeitet. Vor dem OIB koordinierte sie das DAAD-Projekt \u201eViolence, Forced Migration and Exile: Trauma in der arabischen Welt und in Deutschland\u201c, einen Hochschuldialog zwischen pal\u00e4stinensischen und libanesischen Universit\u00e4ten sowie mit der LMU M\u00fcnchen.<!--more--><\/p>\n<p>Sarah El Bulbeisi ist Kind eines pal\u00e4stinensischen Vaters. In ihrer Dissertation versucht sie, die Erfahrungen und Erlebnisse, die Pal\u00e4stinenserInnen auf ihrer Flucht und Vertreibung seit 1948 erfahren haben, als &#8222;diskursive Gewalt&#8220; zu erfassen. Die dramatischen Folgen der Nakba, die im Prinzip bis heute durch stille Vertreibung per Landraub, Siedlungsbau, Haus- und Olivenplantagenzerst\u00f6rungen und anderen infrastrukturellen Apartheidsysteme anh\u00e4lt, stehen im Zentrum der Untersuchung.<\/p>\n<p>Die Arbeit ist als Buch mit dem Titel Tabu, Trauma und Identit\u00e4t: Subjektkonstruktionen von Pal\u00e4stinensern in Deutschland und der Schweiz, 1960 bis 2015\u2033 erschienen. In ihrem Vortrag gibt sie uns einen Einblick in die Ergebnisse ihre Forschung und daraus folgenden Empfehlungen.<\/p>\n<p>Veranstaltet von: Deutsch-Pal\u00e4stinensische Gesellschaft Bremen e.V., Israelisches Komitee gegen Hauszerst\u00f6rung (ICAHD), AK Nahost Bremen, Bremer Friedensforum, Kairos Pal\u00e4stina Solidarit\u00e4tsnetz Gruppe Bremen; DPG-Bund.<br \/>\nModeration: Detlef Griesche, Deutsch-Pal\u00e4stinensische Gesellschaft<br \/>\nVideo: S\u00f6nke Hundt, AK-Nahost Bremen<\/p>\n<p>&nbsp;<\/p>\n","protected":false},"excerpt":{"rendered":"<p>\ufeff\ufeff\ufeff\ufeff\ufeff\ufeff\ufeff\ufeff\ufeff\ufeff\ufeff\ufeff\ufeff\ufeff\ufeff\ufeffdata-mce-type=&#8220;bookmark&#8220; class=&#8220;mce_SELRES_start&#8220;&gt;\ufeff Sarah El Bulbeisi: Tabu, Trauma und Identit\u00e4t. Subjektkonstruktionen von Pal\u00e4stinenserInnen in Deutschland und der Schweiz Vortrag mit anschlie\u00dfender Diskussion Am Donnerstag, 27. Januar 2022. Ort: ZOOM-Veranstaltung (online) Sarah El Bulbeisi ist wissenschaftliche Mitarbeiterin am Orient-Institut Beirut (OIB), wo &hellip; <a href=\"https:\/\/dpg-netz-bremen.de\/?p=11090\">Weiterlesen <span class=\"meta-nav\">&rarr;<\/span><\/a><\/p>\n","protected":false},"author":1,"featured_media":0,"comment_status":"closed","ping_status":"closed","sticky":false,"template":"","format":"standard","meta":{"ngg_post_thumbnail":0,"footnotes":""},"categories":[3,9],"tags":[],"class_list":["post-11090","post","type-post","status-publish","format-standard","hentry","category-allgemein","category-videos"],"_links":{"self":[{"href":"https:\/\/dpg-netz-bremen.de\/index.php?rest_route=\/wp\/v2\/posts\/11090","targetHints":{"allow":["GET"]}}],"collection":[{"href":"https:\/\/dpg-netz-bremen.de\/index.php?rest_route=\/wp\/v2\/posts"}],"about":[{"href":"https:\/\/dpg-netz-bremen.de\/index.php?rest_route=\/wp\/v2\/types\/post"}],"author":[{"embeddable":true,"href":"https:\/\/dpg-netz-bremen.de\/index.php?rest_route=\/wp\/v2\/users\/1"}],"replies":[{"embeddable":true,"href":"https:\/\/dpg-netz-bremen.de\/index.php?rest_route=%2Fwp%2Fv2%2Fcomments&post=11090"}],"version-history":[{"count":2,"href":"https:\/\/dpg-netz-bremen.de\/index.php?rest_route=\/wp\/v2\/posts\/11090\/revisions"}],"predecessor-version":[{"id":11092,"href":"https:\/\/dpg-netz-bremen.de\/index.php?rest_route=\/wp\/v2\/posts\/11090\/revisions\/11092"}],"wp:attachment":[{"href":"https:\/\/dpg-netz-bremen.de\/index.php?rest_route=%2Fwp%2Fv2%2Fmedia&parent=11090"}],"wp:term":[{"taxonomy":"category","embeddable":true,"href":"https:\/\/dpg-netz-bremen.de\/index.php?rest_route=%2Fwp%2Fv2%2Fcategories&post=11090"},{"taxonomy":"post_tag","embeddable":true,"href":"https:\/\/dpg-netz-bremen.de\/index.php?rest_route=%2Fwp%2Fv2%2Ftags&post=11090"}],"curies":[{"name":"wp","href":"https:\/\/api.w.org\/{rel}","templated":true}]}}