{"id":11605,"date":"2023-03-27T09:27:48","date_gmt":"2023-03-27T09:27:48","guid":{"rendered":"http:\/\/nahost-forum-bremen.de\/?p=11605"},"modified":"2023-03-27T09:55:18","modified_gmt":"2023-03-27T09:55:18","slug":"charlotte-wiedemann-den-schmerz-der-anderen-begreifen-holocaust-und-weltgedaechtnis","status":"publish","type":"post","link":"https:\/\/dpg-netz-bremen.de\/?p=11605","title":{"rendered":"Charlotte Wiedemann: Den Schmerz der anderen begreifen. Holocaust und Weltged\u00e4chtnis"},"content":{"rendered":"<div>\n<p><a href=\"http:\/\/nahost-forum-bremen.de\/wp-content\/uploads\/2023\/03\/wiedemann-2.jpg\"><img loading=\"lazy\" decoding=\"async\" class=\"alignleft wp-image-11614 size-medium\" src=\"http:\/\/nahost-forum-bremen.de\/wp-content\/uploads\/2023\/03\/wiedemann-2-300x200.jpg\" alt=\"\" width=\"300\" height=\"200\" srcset=\"https:\/\/dpg-netz-bremen.de\/wp-content\/uploads\/2023\/03\/wiedemann-2-300x200.jpg 300w, https:\/\/dpg-netz-bremen.de\/wp-content\/uploads\/2023\/03\/wiedemann-2-768x512.jpg 768w, https:\/\/dpg-netz-bremen.de\/wp-content\/uploads\/2023\/03\/wiedemann-2-450x300.jpg 450w, https:\/\/dpg-netz-bremen.de\/wp-content\/uploads\/2023\/03\/wiedemann-2.jpg 1000w\" sizes=\"auto, (max-width: 300px) 100vw, 300px\" \/><\/a>Charlotte Wiedemann, Autorin von B\u00fcchern, Essays und Reportagen zu internationalen Themen &#8211; viele Jahre mit dem Schwerpunkt &#8222;Islamische Lebenswelten&#8220;, sprach auf Einladung des Arbeitskreises Nahost im Bremer \u00dcberseemuseum von begangenem Unrecht kolonialer Staaten, das Menschen anderer Nationen angetan, aber nie aufgearbeitet wurde, so der deutsche Kolonialismus und der Bereich Israel\/Pal\u00e4stina.<\/p>\n<\/div>\n<p><!--more-->Die Referentin berichtete, dass der deutsche Kolonialismus viele Opfer hinterlassen hat, so viele wie die der Ermordung von J\u00fcdinnen und Juden in Auschwitz\/Birkenau: eine Million Menschen. &nbsp;Diese Zahl war den Zuh\u00f6rer*innen bisher unbekannt. Aus Tageb\u00fcchern niederl\u00e4ndischer Soldaten von 1947 ist zu erfahren, dass von niederl\u00e4ndischem Milit\u00e4r mehrere hundert Indonesier grundlos erschossen wurden, und die Soldaten wurden nie zur Rechenschaft gezogen.<\/p>\n<div>\n<p><a href=\"http:\/\/nahost-forum-bremen.de\/wp-content\/uploads\/2023\/03\/230323-DSC09946.jpg\"><img loading=\"lazy\" decoding=\"async\" class=\"alignleft wp-image-11607 size-medium\" src=\"http:\/\/nahost-forum-bremen.de\/wp-content\/uploads\/2023\/03\/230323-DSC09946-300x200.jpg\" alt=\"\" width=\"300\" height=\"200\" srcset=\"https:\/\/dpg-netz-bremen.de\/wp-content\/uploads\/2023\/03\/230323-DSC09946-300x200.jpg 300w, https:\/\/dpg-netz-bremen.de\/wp-content\/uploads\/2023\/03\/230323-DSC09946-768x512.jpg 768w, https:\/\/dpg-netz-bremen.de\/wp-content\/uploads\/2023\/03\/230323-DSC09946-450x300.jpg 450w, https:\/\/dpg-netz-bremen.de\/wp-content\/uploads\/2023\/03\/230323-DSC09946.jpg 1000w\" sizes=\"auto, (max-width: 300px) 100vw, 300px\" \/><\/a><a href=\"http:\/\/nahost-forum-bremen.de\/wp-content\/uploads\/2023\/03\/03-P1200541a-scaled.jpg\"><img loading=\"lazy\" decoding=\"async\" class=\"alignleft wp-image-11609 size-medium\" src=\"http:\/\/nahost-forum-bremen.de\/wp-content\/uploads\/2023\/03\/03-P1200541a-300x225.jpg\" alt=\"\" width=\"300\" height=\"225\" srcset=\"https:\/\/dpg-netz-bremen.de\/wp-content\/uploads\/2023\/03\/03-P1200541a-300x225.jpg 300w, https:\/\/dpg-netz-bremen.de\/wp-content\/uploads\/2023\/03\/03-P1200541a-1024x768.jpg 1024w, https:\/\/dpg-netz-bremen.de\/wp-content\/uploads\/2023\/03\/03-P1200541a-768x576.jpg 768w, https:\/\/dpg-netz-bremen.de\/wp-content\/uploads\/2023\/03\/03-P1200541a-1536x1152.jpg 1536w, https:\/\/dpg-netz-bremen.de\/wp-content\/uploads\/2023\/03\/03-P1200541a-2048x1536.jpg 2048w, https:\/\/dpg-netz-bremen.de\/wp-content\/uploads\/2023\/03\/03-P1200541a-400x300.jpg 400w\" sizes=\"auto, (max-width: 300px) 100vw, 300px\" \/><\/a>Die Referentin kam auch auf den Kolonialismus Israels zu sprechen. Bei der Staatsgr\u00fcndung Israels wurden 500 pal\u00e4stinensische D\u00f6rfer zerst\u00f6rt, 750.000 Pal\u00e4stinenser, M\u00e4nner, Frauen, Kinder wurden vertrieben, pal\u00e4stinensisches Eigentum wurde gepl\u00fcndert bzw. angeeignet. Auf dieses von den Pal\u00e4stinensern als \u201eNakba\u201c bezeichnete Unrecht hinzuweisen, wird in Deutschland oft berets als Antisemitismus verstanden. Urspr\u00fcnglich waren 45 Prozent der Bev\u00f6lkerung Israels arabisch, heute sind es nur noch 20 Prozent. Das Verbrechen der Shoa hindert besonders die Deutschen daran, das Unrecht Israels zu benennen, \u201eDie Pal\u00e4stinenser aber\u201c, so Wiedemann, \u201em\u00fcssen die Schuld der Deutschen bezahlen.\u201c<\/p>\n<p>\u201eDen Schmerz der anderen zu begreifen\u201c, ist eine erste M\u00f6glichkeit auf dem Weg, eine andere Welt zu schaffen.<\/p>\n<p>Dr. Detlef Griesche vom Arbeitskreis Nahost und von der Deutsch-Pal\u00e4stinensischen Gesellschaft Bremen moderierte die Veranstaltung, die auch das Bremer Friedensforum mitveranstaltet hat.<br \/>\nHartmut Drewes<\/p>\n<\/div>\n","protected":false},"excerpt":{"rendered":"<p>Charlotte Wiedemann, Autorin von B\u00fcchern, Essays und Reportagen zu internationalen Themen &#8211; viele Jahre mit dem Schwerpunkt &#8222;Islamische Lebenswelten&#8220;, sprach auf Einladung des Arbeitskreises Nahost im Bremer \u00dcberseemuseum von begangenem Unrecht kolonialer Staaten, das Menschen anderer Nationen angetan, aber nie &hellip; <a href=\"https:\/\/dpg-netz-bremen.de\/?p=11605\">Weiterlesen <span class=\"meta-nav\">&rarr;<\/span><\/a><\/p>\n","protected":false},"author":1,"featured_media":0,"comment_status":"closed","ping_status":"closed","sticky":false,"template":"","format":"standard","meta":{"ngg_post_thumbnail":0,"footnotes":""},"categories":[3],"tags":[],"class_list":["post-11605","post","type-post","status-publish","format-standard","hentry","category-allgemein"],"_links":{"self":[{"href":"https:\/\/dpg-netz-bremen.de\/index.php?rest_route=\/wp\/v2\/posts\/11605","targetHints":{"allow":["GET"]}}],"collection":[{"href":"https:\/\/dpg-netz-bremen.de\/index.php?rest_route=\/wp\/v2\/posts"}],"about":[{"href":"https:\/\/dpg-netz-bremen.de\/index.php?rest_route=\/wp\/v2\/types\/post"}],"author":[{"embeddable":true,"href":"https:\/\/dpg-netz-bremen.de\/index.php?rest_route=\/wp\/v2\/users\/1"}],"replies":[{"embeddable":true,"href":"https:\/\/dpg-netz-bremen.de\/index.php?rest_route=%2Fwp%2Fv2%2Fcomments&post=11605"}],"version-history":[{"count":4,"href":"https:\/\/dpg-netz-bremen.de\/index.php?rest_route=\/wp\/v2\/posts\/11605\/revisions"}],"predecessor-version":[{"id":11615,"href":"https:\/\/dpg-netz-bremen.de\/index.php?rest_route=\/wp\/v2\/posts\/11605\/revisions\/11615"}],"wp:attachment":[{"href":"https:\/\/dpg-netz-bremen.de\/index.php?rest_route=%2Fwp%2Fv2%2Fmedia&parent=11605"}],"wp:term":[{"taxonomy":"category","embeddable":true,"href":"https:\/\/dpg-netz-bremen.de\/index.php?rest_route=%2Fwp%2Fv2%2Fcategories&post=11605"},{"taxonomy":"post_tag","embeddable":true,"href":"https:\/\/dpg-netz-bremen.de\/index.php?rest_route=%2Fwp%2Fv2%2Ftags&post=11605"}],"curies":[{"name":"wp","href":"https:\/\/api.w.org\/{rel}","templated":true}]}}