{"id":11656,"date":"2023-06-11T06:41:25","date_gmt":"2023-06-11T06:41:25","guid":{"rendered":"http:\/\/nahost-forum-bremen.de\/?p=11656"},"modified":"2023-06-11T06:43:16","modified_gmt":"2023-06-11T06:43:16","slug":"liebe-israel-palaestina-interessierte-3","status":"publish","type":"post","link":"https:\/\/dpg-netz-bremen.de\/?p=11656","title":{"rendered":"Liebe Israel\/Pal\u00e4stina Interessierte,"},"content":{"rendered":"<p>Vor 1 Jahr starb die Journalistin <b>Shireen Abu Akleh.<\/b> Die Sendung <b>Monitor<\/b> hat den Fall untersucht und einen \u00e4u\u00dferst kritischen Bericht erstellt.: <a class=\"moz-txt-link-freetext\" href=\"https:\/\/www1.wdr.de\/daserste\/monitor\/videos\/video-tod-einer-journalistin-warum-starb-shireen-abu-akleh-100.html\">https:\/\/www1.wdr.de\/daserste\/monitor\/videos\/video-tod-einer-journalistin-warum-starb-shireen-abu-akleh-100.html<\/a><\/p>\n<p>Die <b>j\u00fcdische Stimme<\/b> hat in einer Stellungnahme zur Kundgebung am Oranienplatz am 20.05.2023 einige falsche Aussagen der Polizei und der Medien richtiggestellt: <a class=\"moz-txt-link-freetext\" href=\"https:\/\/juedische-stimme.de\/stellungnahme-zur-kundgebung-am-oranienplatz-am-20.05.2023\">https:\/\/juedische-stimme.de\/stellungnahme-zur-kundgebung-am-oranienplatz-am-20.05.2023<\/a><!--more-->Das <b>westliche Schweigen erfordert eine Konfrontation<\/b>: Ilan Pappe \u00fcber die Nakba,Gaza und umfassende Solidarit\u00e4t: <a class=\"moz-txt-link-freetext\" href=\"https:\/\/senderfreiespalaestina.de\/pdfs\/Ilan-Pappe-Westl-Schweigen.pdf\">https:\/\/senderfreiespalaestina.de\/pdfs\/Ilan-Pappe-Westl-Schweigen.pdf<\/a><br \/>\n&nbsp;<br \/>\n<b>&#8222;Ich werde praktisch t\u00e4glich angespuckt&#8220;<\/b>: Christen im &#8222;heiligen Land&#8220;. Der Nahost-Korrespondent der S\u00fcddeutschen Zeitung, Peter M\u00fcnch, ist nicht f\u00fcr aufr\u00fcttelnde Beitr\u00e4ge bekannt, sein Interviewpartner, Nikodemus Schnabel, Abt des Benediktinerklosters Dormitio in Jerusalem, auch nicht. Aber dieses Interview (s. Anhang) beweist, wie sehr sich die Situation in Ostjerusalem nicht nur f\u00fcr Muslime, sondern auch f\u00fcr Christen verschlimmert hat, weil sich viele Juden mit einer Herrenmentalit\u00e4t auff\u00fchren.<\/p>\n<p><b>Wie eine Hinrichtung, Israels Armee t\u00f6tet in besetzter Westbank pal\u00e4stinensisches Kleinkind durch Kopfschuss.<\/b> <a class=\"moz-txt-link-freetext\" href=\"https:\/\/www.jungewelt.de\/loginFailed.php?ref=\/artikel\/452329.willk%C3%BCrliche-gewalt-wie-eine-hinrichtung.html\">https:\/\/www.jungewelt.de\/loginFailed.php?ref=\/artikel\/452329.willk%C3%BCrliche-gewalt-wie-eine-hinrichtung.html<\/a><\/p>\n<p><b>Milit\u00e4rische Gewalt<\/b><br \/>\nWas die Zahl der pal\u00e4stinensischen Todesopfer im Westjordanland betrifft, so war das Jahr 2022 das blutigste seit 2005: Mindestens 181 Pal\u00e4stinenser wurden im Westjordanland und im Gazastreifen als unmittelbare Folge von Aktionen der Sicherheitskr\u00e4fte get\u00f6tet, wobei die \u00fcberwiegende Mehrheit bei vom Milit\u00e4r initiierten Aktionen erschossen wurde. 23 % der Todesopfer im Westjordanland waren Kinder, und in \u00fcber 45 % der F\u00e4lle im Westjordanland behauptet das Milit\u00e4r nicht, dass die Get\u00f6teten bewaffnet waren.<\/p>\n<p><b>Punitive Hauszerst\u00f6rungen<\/b>: Israel zerst\u00f6rt die H\u00e4user oder Wohnungen von noch nicht verurteilten Straft\u00e4tern, die j\u00fcdische Israelis angegriffen haben und dabei gefasst wurden oder auch zu Tode kamen. Somit werden unschuldige Familienangeh\u00f6rige obdachlos und m\u00fcssen f\u00fcr eine Straftat b\u00fc\u00dfen, die sie nicht begangen haben. Dies wird in einem Artikel von Mondoweiss ausf\u00fchrlich erkl\u00e4rt. Hier eine Darstellung des Problems: <a class=\"moz-txt-link-freetext\" href=\"https:\/\/www.icahd.de\/israels-politik-der-punitiven-hauszerstoerungen\/\">https:\/\/www.icahd.de\/israels-politik-der-punitiven-hauszerstoerungen\/<\/a><\/p>\n<p>Gr\u00fc\u00dfe<br \/>\nClaus Walischewski (AK Nahost Bremen)<\/p>\n","protected":false},"excerpt":{"rendered":"<p>Vor 1 Jahr starb die Journalistin Shireen Abu Akleh. Die Sendung Monitor hat den Fall untersucht und einen \u00e4u\u00dferst kritischen Bericht erstellt.: https:\/\/www1.wdr.de\/daserste\/monitor\/videos\/video-tod-einer-journalistin-warum-starb-shireen-abu-akleh-100.html Die j\u00fcdische Stimme hat in einer Stellungnahme zur Kundgebung am Oranienplatz am 20.05.2023 einige falsche Aussagen der &hellip; <a href=\"https:\/\/dpg-netz-bremen.de\/?p=11656\">Weiterlesen <span class=\"meta-nav\">&rarr;<\/span><\/a><\/p>\n","protected":false},"author":1,"featured_media":0,"comment_status":"closed","ping_status":"closed","sticky":false,"template":"","format":"standard","meta":{"ngg_post_thumbnail":0,"footnotes":""},"categories":[3],"tags":[],"class_list":["post-11656","post","type-post","status-publish","format-standard","hentry","category-allgemein"],"_links":{"self":[{"href":"https:\/\/dpg-netz-bremen.de\/index.php?rest_route=\/wp\/v2\/posts\/11656","targetHints":{"allow":["GET"]}}],"collection":[{"href":"https:\/\/dpg-netz-bremen.de\/index.php?rest_route=\/wp\/v2\/posts"}],"about":[{"href":"https:\/\/dpg-netz-bremen.de\/index.php?rest_route=\/wp\/v2\/types\/post"}],"author":[{"embeddable":true,"href":"https:\/\/dpg-netz-bremen.de\/index.php?rest_route=\/wp\/v2\/users\/1"}],"replies":[{"embeddable":true,"href":"https:\/\/dpg-netz-bremen.de\/index.php?rest_route=%2Fwp%2Fv2%2Fcomments&post=11656"}],"version-history":[{"count":1,"href":"https:\/\/dpg-netz-bremen.de\/index.php?rest_route=\/wp\/v2\/posts\/11656\/revisions"}],"predecessor-version":[{"id":11657,"href":"https:\/\/dpg-netz-bremen.de\/index.php?rest_route=\/wp\/v2\/posts\/11656\/revisions\/11657"}],"wp:attachment":[{"href":"https:\/\/dpg-netz-bremen.de\/index.php?rest_route=%2Fwp%2Fv2%2Fmedia&parent=11656"}],"wp:term":[{"taxonomy":"category","embeddable":true,"href":"https:\/\/dpg-netz-bremen.de\/index.php?rest_route=%2Fwp%2Fv2%2Fcategories&post=11656"},{"taxonomy":"post_tag","embeddable":true,"href":"https:\/\/dpg-netz-bremen.de\/index.php?rest_route=%2Fwp%2Fv2%2Ftags&post=11656"}],"curies":[{"name":"wp","href":"https:\/\/api.w.org\/{rel}","templated":true}]}}