{"id":12905,"date":"2024-08-17T08:54:46","date_gmt":"2024-08-17T08:54:46","guid":{"rendered":"https:\/\/nahost-forum-bremen.de\/?p=12905"},"modified":"2024-08-17T08:56:13","modified_gmt":"2024-08-17T08:56:13","slug":"presseerklaerung-der-palaestinensischen-gemeinde-bremen-und-umland-e-v-und-der-deutsch-palaestinensischen-gesellschaft-bremen-e-v","status":"publish","type":"post","link":"https:\/\/dpg-netz-bremen.de\/?p=12905","title":{"rendered":"Presseerkl\u00e4rung der Pal\u00e4stinensischen Gemeinde Bremen und Umland e.V und der Deutsch-Pal\u00e4stinensischen Gesellschaft Bremen e.V."},"content":{"rendered":"<p>In Erg\u00e4nzung und zur Erkl\u00e4rung der heutigen f\u00fcr alle neuartigen genehmigten Demonstration (Autokorso) haben die Pal\u00e4stinensische Gemeinde Bremen und Umgebung e.V. und die Deutsch-Pal\u00e4stinensische Gesellschaft eine gemeinsame Presserkl\u00e4rung herausgegeben. Diese Erkl\u00e4rung wird aktuell von allen relevanten gro\u00dfen Hilfsorganisationen<!--more--> als erstmalige bundesweite gemeinsame Aktion, sowie fast allen pal\u00e4stinaengagierten kleineren und gr\u00f6\u00dferen Gruppen und Organisationen, sowie zahlreichen bekannten Pers\u00f6nlichkeiten getragen. Der heutige Autokorso wird von einem Polizeifahrzeug angef\u00fchrt und f\u00fchrt durch die Stadt. Der Korso endet wahrscheinlich am Weserstadion.<br \/>\n<a href=\"http:\/\/nahost-forum-bremen.de\/wp-content\/uploads\/2024\/08\/24-08-17-Presseerklaerung-der-Palaestinensischen-Gemeinde-Bremen-und-Umland-e.pdf\" target=\"_blank\" rel=\"noopener\">Presseerkl\u00e4rung zum download hier<\/a><\/p>\n<h1>Presseerkl\u00e4rung der Pal\u00e4stinensischen Gemeinde Bremen und Umland e.V und der Deutsch-Pal\u00e4stinensischen Gesellschaft Bremen e.V. Bremen, 17. August 2024<\/h1>\n<p>Wir fordern von der Bundesregierung:<\/p>\n<ol>\n<li>sich entschiedener f\u00fcr einen sofortigen Waffenstillstand einzusetzen und den Schutz der Zivilbev\u00f6lkerung einzufordern;<\/li>\n<li>alle Genehmigungen f\u00fcr den Export von R\u00fcstungsg\u00fctern zu verweigern, wenn die Gefahr besteht, dass sie v\u00f6lkerrechtswidrig eingesetzt werden;<\/li>\n<li>von Israel mit deutlich mehr Druck die sofortige Beendigung der v\u00f6lkerrechtswidrigen Blockade und den ungehinderten Zugang f\u00fcr humanit\u00e4re Hilfe einzufordern;<\/li>\n<li>wirksame Ma\u00dfnahmen zu ergreifen, damit der v\u00f6lkerrechtswidrige Siedlungsbau durch Israel sowie Gewaltakte von Siedler:innen beendet werden;<\/li>\n<li>im Sinne des Gutachtens des Internationalen Gerichtshofs vom 19. Juli 2024 die schnellstm\u00f6gliche Beendigung der v\u00f6lkerrechtswidrigen Besatzung einzufordern;<\/li>\n<li>die internationale Gerichtsbarkeit und die Untersuchungskommission der Vereinten Nationen aktiv zu unterst\u00fctzen;<\/li>\n<li>sich f\u00fcr die Freilassung aller Geiseln und unrechtm\u00e4\u00dfig Festgehaltenen einzusetzen;<\/li>\n<li>das Recht auf Meinungs- und Versammlungsfreiheit zu sch\u00fctzen und die Kriminalisierung von grundgesetzlich gesch\u00fctzten Meinungs\u00e4u\u00dferungen im Zusammenhang mit Pal\u00e4stina\/Israel zu beenden.<\/li>\n<\/ol>\n<h1>Begr\u00fcndung<\/h1>\n<p>Im aktuellen Krieg sind \u00fcber 40.000 Menschen in Pal\u00e4stina und \u00fcber 1.200 Menschen in Israel get\u00f6tet worden. Hinzu kommen mindestens 92.000 Verwundete und unz\u00e4hlige Vermisste sowie eine tiefe Traumatisierung. Diese Gewalteskalation muss gestoppt werden. Insbesondere die Zivilbev\u00f6lkerung in Gaza leidet unter der katastrophalen Situation, verursacht durch die wiederholte Vertreibung von fast zwei Millionen Menschen in ihrem eigenen Land, die Blockade von humanit\u00e4rer Hilfe, die Sperrung der Strom- und Wasserversorgung sowie ein massives Ausma\u00df an Zerst\u00f6rung. Die UN spricht von einer Hungersnot und einem medizinischen Notstand. Die Situation in Gaza ist keine Folge einer Naturkatastrophe, sondern von willk\u00fcrlicher Gewalt und gezielter Blockade. Die politische Reaktion der Bundesregierung auf diese Situation muss sich grundlegend \u00e4ndern.<\/p>\n<p>Wir schlie\u00dfen wir uns auch der Erkl\u00e4rung aller gro\u00dfen deutschen international t\u00e4tigen Hilfsorganisationen wie IPPNW Deutschland\/ medico international\/ pax cristi Deutschland\/ Oxfam Deutschland\/ Weltfriedensdienst\/ CARE Deutschland und NRC Fl\u00fcchtlingshilfe Deutschland an. Diese Erkl\u00e4rung wird aktuell von zahlreichen Pal\u00e4stinaengagierten Arbeitskreisen und Bekannten Einzelpersonen in Deutschland unterst\u00fctzt!<br \/>\n(ViSdP: Dr. Detlef Griesche (dr.griesche@gmx.de)<\/p>\n","protected":false},"excerpt":{"rendered":"<p>In Erg\u00e4nzung und zur Erkl\u00e4rung der heutigen f\u00fcr alle neuartigen genehmigten Demonstration (Autokorso) haben die Pal\u00e4stinensische Gemeinde Bremen und Umgebung e.V. und die Deutsch-Pal\u00e4stinensische Gesellschaft eine gemeinsame Presserkl\u00e4rung herausgegeben. Diese Erkl\u00e4rung wird aktuell von allen relevanten gro\u00dfen Hilfsorganisationen<\/p>\n","protected":false},"author":1,"featured_media":0,"comment_status":"closed","ping_status":"closed","sticky":false,"template":"","format":"standard","meta":{"ngg_post_thumbnail":0,"footnotes":""},"categories":[3],"tags":[],"class_list":["post-12905","post","type-post","status-publish","format-standard","hentry","category-allgemein"],"_links":{"self":[{"href":"https:\/\/dpg-netz-bremen.de\/index.php?rest_route=\/wp\/v2\/posts\/12905","targetHints":{"allow":["GET"]}}],"collection":[{"href":"https:\/\/dpg-netz-bremen.de\/index.php?rest_route=\/wp\/v2\/posts"}],"about":[{"href":"https:\/\/dpg-netz-bremen.de\/index.php?rest_route=\/wp\/v2\/types\/post"}],"author":[{"embeddable":true,"href":"https:\/\/dpg-netz-bremen.de\/index.php?rest_route=\/wp\/v2\/users\/1"}],"replies":[{"embeddable":true,"href":"https:\/\/dpg-netz-bremen.de\/index.php?rest_route=%2Fwp%2Fv2%2Fcomments&post=12905"}],"version-history":[{"count":5,"href":"https:\/\/dpg-netz-bremen.de\/index.php?rest_route=\/wp\/v2\/posts\/12905\/revisions"}],"predecessor-version":[{"id":12911,"href":"https:\/\/dpg-netz-bremen.de\/index.php?rest_route=\/wp\/v2\/posts\/12905\/revisions\/12911"}],"wp:attachment":[{"href":"https:\/\/dpg-netz-bremen.de\/index.php?rest_route=%2Fwp%2Fv2%2Fmedia&parent=12905"}],"wp:term":[{"taxonomy":"category","embeddable":true,"href":"https:\/\/dpg-netz-bremen.de\/index.php?rest_route=%2Fwp%2Fv2%2Fcategories&post=12905"},{"taxonomy":"post_tag","embeddable":true,"href":"https:\/\/dpg-netz-bremen.de\/index.php?rest_route=%2Fwp%2Fv2%2Ftags&post=12905"}],"curies":[{"name":"wp","href":"https:\/\/api.w.org\/{rel}","templated":true}]}}