{"id":12912,"date":"2024-08-19T08:50:33","date_gmt":"2024-08-19T08:50:33","guid":{"rendered":"https:\/\/nahost-forum-bremen.de\/?p=12912"},"modified":"2024-11-14T08:53:39","modified_gmt":"2024-11-14T08:53:39","slug":"12912","status":"publish","type":"post","link":"https:\/\/dpg-netz-bremen.de\/?p=12912","title":{"rendered":"Der etwas besondere Free-Gaza-Autokorso"},"content":{"rendered":"<p style=\"float: left; margin: 0 15px 5px 0;\"><iframe loading=\"lazy\" title=\"YouTube video player\" src=\"https:\/\/www.youtube-nocookie.com\/embed\/dTgi71EcYsw?si=k9mLNWaRgGVSWp79\" width=\"400\" height=\"225\" frameborder=\"0\" allowfullscreen=\"allowfullscreen\"><span data-mce-type=\"bookmark\" style=\"display: inline-block; width: 0px; overflow: hidden; line-height: 0;\" class=\"mce_SELRES_start\">\ufeff<\/span><span data-mce-type=\"bookmark\" style=\"display: inline-block; width: 0px; overflow: hidden; line-height: 0;\" class=\"mce_SELRES_start\"><\/span><\/iframe><\/p>\n<p>Es war schon eine kleine Sensation, als sich mit Windeseile herumsprach, dass der bekannte arabische Journalist Muhammad Darwish f\u00fcr die Internetplatform Zain Al Watan (<a href=\"https:\/\/zainelwatan.com\/?p=134451\" target=\"_blank\" rel=\"noopener\">https:\/\/zainelwatan.com\/?p=134451<\/a>) mit ihren gro\u00dfen Zuschauerzahlen life vom Autokorso aus Bremen berichten w\u00fcrde. Es war eine neue und sehr wirksame und irgendwie sehr pal\u00e4stinensisch-arabische Form des Protestes auf den Stra\u00dfen Bremens. <em>Und mal was deutlich anderes als die sonst \u00fcblichen Latsch-Latsch-Demos!<\/em><!--more--><\/p>\n<p>Organisiert hatte den Autokorso die Pal\u00e4stinensische Gemeinde Bremen und Umgebung mit Unterst\u00fctzung der Deutsch-Pal\u00e4stinensischen Gesellschaft. Das hatte lange und pr\u00e4zise Absprachen mit Polizei erfordert, sollte es doch \u00fcber drei Stunden mitten durch die belebte Innenstadt am Sonntagnachmittag gehen. Wie das Regionalfernsehen in einem sehr fairen Bericht meldete (geht doch! m\u00f6chte man da sagen!), beteiligten sich \u00fcber 150 mit pal\u00e4stinensischen Fahnen und Symbolen geschm\u00fcckte Autos, dazu viele Radfahrer und Motorr\u00e4der mit lautem Hupen und eingeschaltetem Warnblinkern. Viele Ordner begleiteten den Autokorso auf ihren Fahrr\u00e4dern; sie sicherten die \u00dcberg\u00e4nge f\u00fcr die Fu\u00dfg\u00e4nger und sorgten daf\u00fcr, dass der Zug nicht unterbrochen wurde. Es wurde ein Riesenerfolg. Es gab keinerlei Zwischenf\u00e4lle. Und es gab viel Zustimmung von den Passanten am Stra\u00dfenrand und sogar von vielen Autofahrern, die ziemlich lange Wartezeiten in Kauf nehmen mussten. Es war die 48. Demonstration gegen den Genozid-Vernichtungskrieg Israels gegen die pal\u00e4stinensische Bev\u00f6lkerung in Gaza. In Bremen wurde deutlich: die Kritik an der israelischen Politik nimmt zu, und der an jedem Wochende wiederholte Protest der Pal\u00e4stinenser in Bremen findet immer mehr Unterst\u00fctzung und immer mehr Zustimmung.<br \/>\n<em>Video: Marlies und S\u00f6nke Hundt<\/em><\/p>\n","protected":false},"excerpt":{"rendered":"<p>\ufeff Es war schon eine kleine Sensation, als sich mit Windeseile herumsprach, dass der bekannte arabische Journalist Muhammad Darwish f\u00fcr die Internetplatform Zain Al Watan (https:\/\/zainelwatan.com\/?p=134451) mit ihren gro\u00dfen Zuschauerzahlen life vom Autokorso aus Bremen berichten w\u00fcrde. Es war eine &hellip; <a href=\"https:\/\/dpg-netz-bremen.de\/?p=12912\">Weiterlesen <span class=\"meta-nav\">&rarr;<\/span><\/a><\/p>\n","protected":false},"author":1,"featured_media":0,"comment_status":"closed","ping_status":"closed","sticky":false,"template":"","format":"standard","meta":{"ngg_post_thumbnail":0,"footnotes":""},"categories":[3,9],"tags":[],"class_list":["post-12912","post","type-post","status-publish","format-standard","hentry","category-allgemein","category-videos"],"_links":{"self":[{"href":"https:\/\/dpg-netz-bremen.de\/index.php?rest_route=\/wp\/v2\/posts\/12912","targetHints":{"allow":["GET"]}}],"collection":[{"href":"https:\/\/dpg-netz-bremen.de\/index.php?rest_route=\/wp\/v2\/posts"}],"about":[{"href":"https:\/\/dpg-netz-bremen.de\/index.php?rest_route=\/wp\/v2\/types\/post"}],"author":[{"embeddable":true,"href":"https:\/\/dpg-netz-bremen.de\/index.php?rest_route=\/wp\/v2\/users\/1"}],"replies":[{"embeddable":true,"href":"https:\/\/dpg-netz-bremen.de\/index.php?rest_route=%2Fwp%2Fv2%2Fcomments&post=12912"}],"version-history":[{"count":2,"href":"https:\/\/dpg-netz-bremen.de\/index.php?rest_route=\/wp\/v2\/posts\/12912\/revisions"}],"predecessor-version":[{"id":12914,"href":"https:\/\/dpg-netz-bremen.de\/index.php?rest_route=\/wp\/v2\/posts\/12912\/revisions\/12914"}],"wp:attachment":[{"href":"https:\/\/dpg-netz-bremen.de\/index.php?rest_route=%2Fwp%2Fv2%2Fmedia&parent=12912"}],"wp:term":[{"taxonomy":"category","embeddable":true,"href":"https:\/\/dpg-netz-bremen.de\/index.php?rest_route=%2Fwp%2Fv2%2Fcategories&post=12912"},{"taxonomy":"post_tag","embeddable":true,"href":"https:\/\/dpg-netz-bremen.de\/index.php?rest_route=%2Fwp%2Fv2%2Ftags&post=12912"}],"curies":[{"name":"wp","href":"https:\/\/api.w.org\/{rel}","templated":true}]}}