{"id":13478,"date":"2024-11-17T14:00:49","date_gmt":"2024-11-17T14:00:49","guid":{"rendered":"https:\/\/nahost-forum-bremen.de\/?p=13478"},"modified":"2024-11-17T14:04:33","modified_gmt":"2024-11-17T14:04:33","slug":"48-stunden-lesung-der-namen-der-in-gaza-getoeteten","status":"publish","type":"post","link":"https:\/\/dpg-netz-bremen.de\/?p=13478","title":{"rendered":"48-Stunden-Lesung der Namen der in Gaza Get\u00f6teten"},"content":{"rendered":"<p><a href=\"http:\/\/nahost-forum-bremen.de\/wp-content\/uploads\/2024\/11\/24-11-26-gaza-lesung.jpg\"><img loading=\"lazy\" decoding=\"async\" class=\"alignleft wp-image-13486 size-medium\" src=\"http:\/\/nahost-forum-bremen.de\/wp-content\/uploads\/2024\/11\/24-11-26-gaza-lesung-300x225.jpg\" alt=\"\" width=\"300\" height=\"225\" srcset=\"https:\/\/dpg-netz-bremen.de\/wp-content\/uploads\/2024\/11\/24-11-26-gaza-lesung-300x225.jpg 300w, https:\/\/dpg-netz-bremen.de\/wp-content\/uploads\/2024\/11\/24-11-26-gaza-lesung-1024x768.jpg 1024w, https:\/\/dpg-netz-bremen.de\/wp-content\/uploads\/2024\/11\/24-11-26-gaza-lesung-768x576.jpg 768w, https:\/\/dpg-netz-bremen.de\/wp-content\/uploads\/2024\/11\/24-11-26-gaza-lesung-1536x1152.jpg 1536w, https:\/\/dpg-netz-bremen.de\/wp-content\/uploads\/2024\/11\/24-11-26-gaza-lesung-400x300.jpg 400w, https:\/\/dpg-netz-bremen.de\/wp-content\/uploads\/2024\/11\/24-11-26-gaza-lesung.jpg 1920w\" sizes=\"auto, (max-width: 300px) 100vw, 300px\" \/><\/a>In Bremen haben die &#8218;Seeds of Palestine&#8216;, der AK Nahost, das Bremer Friedensforum und UNIte for Pali eine 48st\u00fcndige Lesung der Namen der in Gaza on der israelischen Armee Get\u00f6teten organisiert, von Donnerstag 12 Uhr bis Samstag 12 Uhr. Die Namen von \u00fcber 30.000 Opfern wurden auf arabisch und deutsch mit dem jeweiligen Alter des Opfers ausgedruckt und vorgelesen.<!--more--> Der Zuspruch war gro\u00df; es fanden sich die Morgenstunden immer Leserinnen und Leser, die im 15-Minutentakt wechselten. Vor dem Lesepavillion lagen Bilder mit Namen und Aussagen der Get\u00f6teten auf dem Boden, jedes Bild hatte eine kleine Kerze und eine wei\u00dfe Blume (meistens Rosen). Das erwies sich als sehr eindrucksvoll. Ebenso eindrucksvoll war aber auch die Welle von Solidarit\u00e4t, die sich in Form von Geldspenden und mitgebrachten Keksen, Kuchen, Kaffe, Tee und K\u00f6stlichkeiten der arabischen K\u00fcche zeigte.<\/p>\n<p>Zwei Tage vor dem geplanten Beginn der Lesung hatte das Ordnungsamt verschiedene einschr\u00e4nkende Ma\u00dfnahmen verh\u00e4ngt. Allerdings gelang es den Veranstaltern, diese \u00fcber eine einstweilige Verf\u00fcgung beim Verwaltungsgericht au\u00dfer Kraft zu setzen, so dass die Aktion wie geplant zuende gef\u00fchrt werden konnte.&nbsp;<\/p>\n<p>Ausf\u00fchrlicher Bericht mit den Reden von Barbara Heller, Bernd Fischer und Gabriele Herb auf der <a href=\"https:\/\/bremerfriedensforum.de\/2024\/11\/15\/gedenken-an-die-toten-und-deutschlands-verantwortung\/\" target=\"_blank\" rel=\"noopener\">Homepage des Bremer Friedensforums<\/a><\/p>\n","protected":false},"excerpt":{"rendered":"<p>In Bremen haben die &#8218;Seeds of Palestine&#8216;, der AK Nahost, das Bremer Friedensforum und UNIte for Pali eine 48st\u00fcndige Lesung der Namen der in Gaza on der israelischen Armee Get\u00f6teten organisiert, von Donnerstag 12 Uhr bis Samstag 12 Uhr. Die &hellip; <a href=\"https:\/\/dpg-netz-bremen.de\/?p=13478\">Weiterlesen <span class=\"meta-nav\">&rarr;<\/span><\/a><\/p>\n","protected":false},"author":1,"featured_media":0,"comment_status":"closed","ping_status":"closed","sticky":false,"template":"","format":"standard","meta":{"ngg_post_thumbnail":0,"footnotes":""},"categories":[3],"tags":[],"class_list":["post-13478","post","type-post","status-publish","format-standard","hentry","category-allgemein"],"_links":{"self":[{"href":"https:\/\/dpg-netz-bremen.de\/index.php?rest_route=\/wp\/v2\/posts\/13478","targetHints":{"allow":["GET"]}}],"collection":[{"href":"https:\/\/dpg-netz-bremen.de\/index.php?rest_route=\/wp\/v2\/posts"}],"about":[{"href":"https:\/\/dpg-netz-bremen.de\/index.php?rest_route=\/wp\/v2\/types\/post"}],"author":[{"embeddable":true,"href":"https:\/\/dpg-netz-bremen.de\/index.php?rest_route=\/wp\/v2\/users\/1"}],"replies":[{"embeddable":true,"href":"https:\/\/dpg-netz-bremen.de\/index.php?rest_route=%2Fwp%2Fv2%2Fcomments&post=13478"}],"version-history":[{"count":6,"href":"https:\/\/dpg-netz-bremen.de\/index.php?rest_route=\/wp\/v2\/posts\/13478\/revisions"}],"predecessor-version":[{"id":13491,"href":"https:\/\/dpg-netz-bremen.de\/index.php?rest_route=\/wp\/v2\/posts\/13478\/revisions\/13491"}],"wp:attachment":[{"href":"https:\/\/dpg-netz-bremen.de\/index.php?rest_route=%2Fwp%2Fv2%2Fmedia&parent=13478"}],"wp:term":[{"taxonomy":"category","embeddable":true,"href":"https:\/\/dpg-netz-bremen.de\/index.php?rest_route=%2Fwp%2Fv2%2Fcategories&post=13478"},{"taxonomy":"post_tag","embeddable":true,"href":"https:\/\/dpg-netz-bremen.de\/index.php?rest_route=%2Fwp%2Fv2%2Ftags&post=13478"}],"curies":[{"name":"wp","href":"https:\/\/api.w.org\/{rel}","templated":true}]}}