{"id":13480,"date":"2024-11-17T14:07:25","date_gmt":"2024-11-17T14:07:25","guid":{"rendered":"https:\/\/nahost-forum-bremen.de\/?p=13480"},"modified":"2024-11-17T14:07:25","modified_gmt":"2024-11-17T14:07:25","slug":"fuer-einen-gerechten-frieden-in-palaestina-und-israel-zivilbevoelkerung-schuetzen-waffenexporte-stoppen","status":"publish","type":"post","link":"https:\/\/dpg-netz-bremen.de\/?p=13480","title":{"rendered":"F\u00fcr einen gerechten Frieden in Pal\u00e4stina und Israel &#8211; Zivilbev\u00f6lkerung sch\u00fctzen, Waffenexporte stoppen"},"content":{"rendered":"<p><a href=\"http:\/\/nahost-forum-bremen.de\/wp-content\/uploads\/2024\/11\/24-11-16-kundgebung-gerechten-Frieden.jpeg\"><img loading=\"lazy\" decoding=\"async\" class=\"alignleft wp-image-13484 size-medium\" src=\"http:\/\/nahost-forum-bremen.de\/wp-content\/uploads\/2024\/11\/24-11-16-kundgebung-gerechten-Frieden-300x225.jpeg\" alt=\"\" width=\"300\" height=\"225\" srcset=\"https:\/\/dpg-netz-bremen.de\/wp-content\/uploads\/2024\/11\/24-11-16-kundgebung-gerechten-Frieden-300x225.jpeg 300w, https:\/\/dpg-netz-bremen.de\/wp-content\/uploads\/2024\/11\/24-11-16-kundgebung-gerechten-Frieden-1024x768.jpeg 1024w, https:\/\/dpg-netz-bremen.de\/wp-content\/uploads\/2024\/11\/24-11-16-kundgebung-gerechten-Frieden-768x576.jpeg 768w, https:\/\/dpg-netz-bremen.de\/wp-content\/uploads\/2024\/11\/24-11-16-kundgebung-gerechten-Frieden-1536x1152.jpeg 1536w, https:\/\/dpg-netz-bremen.de\/wp-content\/uploads\/2024\/11\/24-11-16-kundgebung-gerechten-Frieden-400x300.jpeg 400w, https:\/\/dpg-netz-bremen.de\/wp-content\/uploads\/2024\/11\/24-11-16-kundgebung-gerechten-Frieden.jpeg 2000w\" sizes=\"auto, (max-width: 300px) 100vw, 300px\" \/><\/a>&#8222;F\u00fcr einen gerechten Frieden in Pal\u00e4stina und Israel &#8211; Zivilbev\u00f6lkerung sch\u00fctzen, Waffenexporte stoppen&#8220; &#8211; das war das Motto f\u00fcr den Aufruf, mit dem ein B\u00fcndnis von 14 Bremer Organisationen und Gruppierungen zu einer Kundgebung am 16. November 2024 aufgerufen hatten. Aufgerufen hatten: Amnesty International Bremen \u2022 Humanistische Union \u2022 IALANA Deutschland \u2013 Vereinigung f\u00fcr Friedensrecht&nbsp; \u2022 Internationale Liga f\u00fcr Menschenrechte \u2022 IPPNW Bremen \u2022 Bremer Friedensforum \u2022 Terre des Hommes \u2022 Deutsch-Pal\u00e4stinensische Gesellschaft \u2022 Bremer Informationszentrum f\u00fcr Menschenrechte und Entwicklung \u2022 DfG-VK \u2022 Aufstehen Bremen \u2022 Initiative Nordbremer B\u00fcrger Gegen den Krieg \u2022 Bremische Stiftung f\u00fcr R\u00fcstungskonversion und Friedensforschung \u2022 kairos-pal\u00e4stina Netzwerk. <strong>Redebeitr\u00e4ge<\/strong> gab es von Amnesty International, IPPNW, IALANA und der DPG.<!--more--><\/p>\n<h4>Der Aufruf lautete:<\/h4>\n<p><em>Wir erleben eine ersch\u00fctternde Eskalation an Gewalt und Leid in Pal\u00e4stina und Israel. Im aktuellen Krieg sind seit dem 7. Oktober 2023 bereits \u00fcber 41.000 Menschen in Pal\u00e4stina und \u00fcber 1.200 Menschen in Israel get\u00f6tet worden. Etwa 100 Geiseln befinden sich noch immer in Gaza. Mindestens 95.000 Pal\u00e4stinenser:innen wurden verwundet und Unz\u00e4hlige werden vermisst. Nahezu die gesamte Bev\u00f6lkerung Gazas, 1,9 der 2,1 Millionen Bewohner:innen, wurde bereits mehrfach innerhalb ihres Landes vertrieben. Etwa 100.000 Israelis sind seit letztem Oktober evakuiert.<\/em><\/p>\n<p><em>Es gibt keinen sicheren Ort im gesamten Gazastreifen. Das bewusste Vorenthalten von humanit\u00e4rer Hilfe, von Nahrungsmitteln, sauberem Trinkwasser und medizinischer Versorgung durch Israel bedroht akut das Leben Hunderttausender in Gaza. Und im Westjordanland sind die Menschen mehr denn je schutzlos der Gewalt von Armee und Siedler:innen ausgesetzt.<\/em><\/p>\n<p><em>Zu all dem wollen und k\u00f6nnen wir nicht schweigen.<\/em><\/p>\n<p><em>Wir verurteilen alle Kriegsverbrechen in diesem Krieg, sowohl die der Hamas und anderer bewaffneter pal\u00e4stinensischer Gruppen, als auch die der israelischen Regierung. Wir trauern um alle Opfer <\/em><em>der Gewalt in Pal\u00e4stina und Israel. Wir bangen um die Tausenden, die in Israel willk\u00fcrlich in Haft und oft Folter und Misshandlung ausgesetzt sind.<\/em><\/p>\n<p><em>Wir bangen um diejenigen, die als Geiseln nach Gaza verschleppt wurden.<\/em><\/p>\n<p><em>Wir solidarisieren uns mit allen, die sich f\u00fcr Frieden und gleiche Rechte f\u00fcr alle Menschen in der Region einsetzen.<\/em><\/p>\n<p><em>W\u00e4hrend die deutsche Regierung zu Recht die Kriegsverbrechen der Hamas verurteilt, benennt sie die Kriegsverbrechen der israelischen Regierung und der Armee noch nicht einmal als solche.<\/em><\/p>\n<p><em>Mehr noch, durch ihr politisches Handeln billigt sie die v\u00f6lkerrechtswidrigen Handlungen Israels in Gaza. Die Bundesregierung schw\u00e4cht die internationale Gerichtsbarkeit durch einseitige Parteinahme.<\/em><\/p>\n<p><em>In Deutschland erleben wir im Kontext der Pal\u00e4stina-Solidarit\u00e4t massive Eingriffe in die Meinungs- und Versammlungsfreiheit. Wir stellen uns klar gegen die Kriminalisierung von legitimen <\/em><em>Protesten und tragen unsere Kritik am Krieg in Gaza und der Rolle der deutschen Regierung auch selbst auf die Stra\u00dfe.<\/em><\/p>\n<p><em>Wir gehen auf die Stra\u00dfe, um deutlich zu machen:<\/em><\/p>\n<p><em>Eine Staatsr\u00e4son, die bei den Menschenrechten und dem V\u00f6lkerrecht doppelte Standards anlegt, n\u00fctzt niemandem und tr\u00e4gt \u2013 den wiederholt vorgetragenen politischen Erkl\u00e4rungen zum Trotz \u2013 auch nicht zur Sicherheit Israels bei.<\/em><\/p>\n<p><em>Menschenrechte und V\u00f6lkerrecht sind universell. Menschenleben d\u00fcrfen nicht mit zweierlei Ma\u00df gemessen werden: Pal\u00e4stinensisches Leben ist genauso kostbar wie israelisches Leben.<\/em><\/p>\n<h4><em>Wir fordern von der Bundesregierung:<\/em><\/h4>\n<ul>\n<li><em>Setzen Sie sich mit allen Mitteln f\u00fcr einen sofortigen und umfassenden Waffenstillstand ein. Nur ein Waffenstillstand schafft die Bedingungen f\u00fcr ein Ende des T\u00f6tens und f\u00fcr die Freilassung der Geiseln und unrechtm\u00e4\u00dfig Inhaftierten.<\/em><\/li>\n<li><em>Liefern Sie keine R\u00fcstungsg\u00fcter an Israel, wenn die Gefahr besteht, dass sie v\u00f6lkerrechtswidrig eingesetzt werden.<\/em><\/li>\n<li><em>Unterst\u00fctzen Sie die internationale Gerichtsbarkeit ohne Einschr\u00e4nkungen, um die jahrzehntelange Straflosigkeit zu beenden.<\/em><\/li>\n<li><em>Setzen Sie sich im Sinne des Gutachtens des Internationalen Gerichtshofs vom 19. Juli 2024 mit aller Kraft f\u00fcr ein Ende der illegalen Besatzung, des v\u00f6lkerrechtswidrigen Siedlungsbaus und der<\/em><br \/>\n<em>Vertreibung der pal\u00e4stinensischen Bev\u00f6lkerung im Westjordanland ein.<\/em><\/li>\n<li><em>Sch\u00fctzen Sie die Meinungs- und Versammlungsfreiheit in Deutschland: Der Schutz vor Diskriminierung, Rassismus und Antisemitismus darf nicht gegen das Recht auf friedlichen Protest ausgespielt werden.<\/em><\/li>\n<\/ul>\n<p><strong>Wir wollen mit der Veranstaltung einen Raum f\u00fcr friedlichen Protest schaffen, der frei ist von Diskriminierung und Gewalt. Rassistische, anti-pal\u00e4stinensische und\/oder antisemitische \u00c4u\u00dferungen oder Handlungen akzeptieren wir nicht.<\/strong><\/p>\n<p>Bericht mit der Rede von Gerhard Baisch auf der Homepage des <a href=\"https:\/\/bremerfriedensforum.de\/2024\/11\/16\/5310\/#more-5310\" target=\"_blank\" rel=\"noopener\">Bremer Friedensforums<\/a><\/p>\n","protected":false},"excerpt":{"rendered":"<p>&#8222;F\u00fcr einen gerechten Frieden in Pal\u00e4stina und Israel &#8211; Zivilbev\u00f6lkerung sch\u00fctzen, Waffenexporte stoppen&#8220; &#8211; das war das Motto f\u00fcr den Aufruf, mit dem ein B\u00fcndnis von 14 Bremer Organisationen und Gruppierungen zu einer Kundgebung am 16. November 2024 aufgerufen hatten. &hellip; <a href=\"https:\/\/dpg-netz-bremen.de\/?p=13480\">Weiterlesen <span class=\"meta-nav\">&rarr;<\/span><\/a><\/p>\n","protected":false},"author":1,"featured_media":0,"comment_status":"closed","ping_status":"closed","sticky":false,"template":"","format":"standard","meta":{"ngg_post_thumbnail":0,"footnotes":""},"categories":[3],"tags":[],"class_list":["post-13480","post","type-post","status-publish","format-standard","hentry","category-allgemein"],"_links":{"self":[{"href":"https:\/\/dpg-netz-bremen.de\/index.php?rest_route=\/wp\/v2\/posts\/13480","targetHints":{"allow":["GET"]}}],"collection":[{"href":"https:\/\/dpg-netz-bremen.de\/index.php?rest_route=\/wp\/v2\/posts"}],"about":[{"href":"https:\/\/dpg-netz-bremen.de\/index.php?rest_route=\/wp\/v2\/types\/post"}],"author":[{"embeddable":true,"href":"https:\/\/dpg-netz-bremen.de\/index.php?rest_route=\/wp\/v2\/users\/1"}],"replies":[{"embeddable":true,"href":"https:\/\/dpg-netz-bremen.de\/index.php?rest_route=%2Fwp%2Fv2%2Fcomments&post=13480"}],"version-history":[{"count":6,"href":"https:\/\/dpg-netz-bremen.de\/index.php?rest_route=\/wp\/v2\/posts\/13480\/revisions"}],"predecessor-version":[{"id":13493,"href":"https:\/\/dpg-netz-bremen.de\/index.php?rest_route=\/wp\/v2\/posts\/13480\/revisions\/13493"}],"wp:attachment":[{"href":"https:\/\/dpg-netz-bremen.de\/index.php?rest_route=%2Fwp%2Fv2%2Fmedia&parent=13480"}],"wp:term":[{"taxonomy":"category","embeddable":true,"href":"https:\/\/dpg-netz-bremen.de\/index.php?rest_route=%2Fwp%2Fv2%2Fcategories&post=13480"},{"taxonomy":"post_tag","embeddable":true,"href":"https:\/\/dpg-netz-bremen.de\/index.php?rest_route=%2Fwp%2Fv2%2Ftags&post=13480"}],"curies":[{"name":"wp","href":"https:\/\/api.w.org\/{rel}","templated":true}]}}