{"id":13494,"date":"2024-11-17T15:21:14","date_gmt":"2024-11-17T15:21:14","guid":{"rendered":"https:\/\/nahost-forum-bremen.de\/?p=13494"},"modified":"2024-11-20T09:32:57","modified_gmt":"2024-11-20T09:32:57","slug":"free-gaza-autokorso","status":"publish","type":"post","link":"https:\/\/dpg-netz-bremen.de\/?p=13494","title":{"rendered":"Der gro\u00dfe Free Gaza!-Autokorso am 16.11.2024"},"content":{"rendered":"<p style=\"float: left; margin: 0 15px 5px 0;\"><iframe loading=\"lazy\" title=\"YouTube video player\" src=\"https:\/\/www.youtube-nocookie.com\/embed\/wHDD87iecJc?si=1HMLDsZvZTtXuTHU\" width=\"400\" height=\"225\" frameborder=\"0\" allowfullscreen=\"allowfullscreen\"><span data-mce-type=\"bookmark\" style=\"display: inline-block; width: 0px; overflow: hidden; line-height: 0;\" class=\"mce_SELRES_start\">\ufeff<\/span><span data-mce-type=\"bookmark\" style=\"display: inline-block; width: 0px; overflow: hidden; line-height: 0;\" class=\"mce_SELRES_start\"><\/span><\/iframe><\/p>\n<p>Der gro\u00dfe Free-Gaza-Fahrrad- und Autokorso<br \/>\nDie Pal\u00e4stinensische Gemeinde Bremen e.V. hatte f\u00fcr den 16. November 2024 wieder einen gro\u00dfen Autokorso durch die gesamte Innenstadt in Bremen organisiert. So etwas braucht viel Vorbereitung, viele Gespr\u00e4che mit der Polizei und dem Ordnungsamt und nat\u00fcrlich viele Teilnehmer. Diese sammelten sich mit ihren Autos und Fahrr\u00e4dern am Allerhafen in Bremen-Hemelingen.<!--more--> Nach einer kurzen Einweisung und einer Koranrezitation ging mit viel Gehupe, Warnblinkanlagen und Musik aus dem Lautsprecherwagen los. Ebubekir Kilinc hielt am Rembertikreisel eine kurze Ansprache. Ein Autokorso ist offenbar doch etwas anderes als die \u00fcblichen Lauf-Demonstrationen, von denen in Bremen nun schon die Nr. 56 stattgefunden hat. Es war (wieder) ein gro\u00dfer Erfolg, vom Stra\u00dfenrand kam viel Zustimmung, von Gegenprotesten war \u00fcberhaupt nichts zu sehen. Dieser Autokorso erregte in der Stadt viel Aufmerksamkeit.<\/p>\n<p>Die Polizei z\u00e4hlte 74 Pkw und 20 Fahrr\u00e4der z\u00e4hlte die Polizei. Der Autokorso endete ohne Zwischenf\u00e4lle. Sie spricht von einem normalen, friedlichen Verlauf ohne Verkehrsst\u00f6rungen.<br \/>\n<em>Video: Marlies und S\u00f6nke Hundt<\/em><\/p>\n<p><strong>ngg_shortcode_0_placeholder<\/strong><\/p>\n","protected":false},"excerpt":{"rendered":"<p>\ufeff Der gro\u00dfe Free-Gaza-Fahrrad- und Autokorso Die Pal\u00e4stinensische Gemeinde Bremen e.V. hatte f\u00fcr den 16. November 2024 wieder einen gro\u00dfen Autokorso durch die gesamte Innenstadt in Bremen organisiert. So etwas braucht viel Vorbereitung, viele Gespr\u00e4che mit der Polizei und dem &hellip; <a href=\"https:\/\/dpg-netz-bremen.de\/?p=13494\">Weiterlesen <span class=\"meta-nav\">&rarr;<\/span><\/a><\/p>\n","protected":false},"author":1,"featured_media":0,"comment_status":"closed","ping_status":"closed","sticky":false,"template":"","format":"standard","meta":{"ngg_post_thumbnail":0,"footnotes":""},"categories":[3,9],"tags":[],"class_list":["post-13494","post","type-post","status-publish","format-standard","hentry","category-allgemein","category-videos"],"_links":{"self":[{"href":"https:\/\/dpg-netz-bremen.de\/index.php?rest_route=\/wp\/v2\/posts\/13494","targetHints":{"allow":["GET"]}}],"collection":[{"href":"https:\/\/dpg-netz-bremen.de\/index.php?rest_route=\/wp\/v2\/posts"}],"about":[{"href":"https:\/\/dpg-netz-bremen.de\/index.php?rest_route=\/wp\/v2\/types\/post"}],"author":[{"embeddable":true,"href":"https:\/\/dpg-netz-bremen.de\/index.php?rest_route=\/wp\/v2\/users\/1"}],"replies":[{"embeddable":true,"href":"https:\/\/dpg-netz-bremen.de\/index.php?rest_route=%2Fwp%2Fv2%2Fcomments&post=13494"}],"version-history":[{"count":10,"href":"https:\/\/dpg-netz-bremen.de\/index.php?rest_route=\/wp\/v2\/posts\/13494\/revisions"}],"predecessor-version":[{"id":13534,"href":"https:\/\/dpg-netz-bremen.de\/index.php?rest_route=\/wp\/v2\/posts\/13494\/revisions\/13534"}],"wp:attachment":[{"href":"https:\/\/dpg-netz-bremen.de\/index.php?rest_route=%2Fwp%2Fv2%2Fmedia&parent=13494"}],"wp:term":[{"taxonomy":"category","embeddable":true,"href":"https:\/\/dpg-netz-bremen.de\/index.php?rest_route=%2Fwp%2Fv2%2Fcategories&post=13494"},{"taxonomy":"post_tag","embeddable":true,"href":"https:\/\/dpg-netz-bremen.de\/index.php?rest_route=%2Fwp%2Fv2%2Ftags&post=13494"}],"curies":[{"name":"wp","href":"https:\/\/api.w.org\/{rel}","templated":true}]}}