{"id":13658,"date":"2024-12-02T10:25:48","date_gmt":"2024-12-02T10:25:48","guid":{"rendered":"https:\/\/nahost-forum-bremen.de\/?p=13658"},"modified":"2024-12-02T10:28:01","modified_gmt":"2024-12-02T10:28:01","slug":"erstaunliches-auf-der-bundespressekonferenz","status":"publish","type":"post","link":"https:\/\/dpg-netz-bremen.de\/?p=13658","title":{"rendered":"Erstaunliches auf der Bundespressekonferenz"},"content":{"rendered":"<p style=\"float: left; margin: 0 15px 5px 0;\"><iframe loading=\"lazy\" title=\"YouTube video player\" src=\"https:\/\/www.youtube-nocookie.com\/embed\/WZHXl5R5yzo?si=nyHIY1hWfaWbXnq2\" width=\"400\" height=\"225\" frameborder=\"0\" allowfullscreen=\"allowfullscreen\"><span data-mce-type=\"bookmark\" style=\"display: inline-block; width: 0px; overflow: hidden; line-height: 0;\" class=\"mce_SELRES_start\">\ufeff<\/span><span data-mce-type=\"bookmark\" style=\"display: inline-block; width: 0px; overflow: hidden; line-height: 0;\" class=\"mce_SELRES_start\">\ufeff<\/span><span data-mce-type=\"bookmark\" style=\"display: inline-block; width: 0px; overflow: hidden; line-height: 0;\" class=\"mce_SELRES_start\"><\/span><\/iframe><\/p>\n<p>Erstaunliches geschieht: Auf einer Bundespressekonferenz (29.11. 2024) forderten Experten von der Bundesregierung Konsequenzen, die sich aus den Haftbefehlen des Internationalen Strafgerichtshofs gegen Netanjahu und seinen Ex- Verteidigungsminister ergeben. Dabei kritisierten sie ganz offen die &#8222;deutsche Staatsr\u00e4son&#8220;.<\/p>\n<p>Auch die Konsequenzen, die sich aus dem Gutachten des Internationalen Gerichtshofes vom 19. Juli f\u00fcr die Bundesregierung ergeben, wurden juristisch und politisch begr\u00fcndet dargelegt. Es lohnt sich, die Argumente der Experten zu h\u00f6ren. Gegen Schluss stellte auch ein Korrespondent der New York Times Fragen. Der DLF-Journalist Stephan Detjen leitete die Bundespressekonferenz.<!--more--><\/p>\n<p>Dazu auch in Panorama: <a href=\"https:\/\/www.ndr.de\/fernsehen\/sendungen\/panorama\/archiv\/2024\/Israel-Deutsche-Aussenpolitik-in-der-Sackgasse,panorama18294.html\" target=\"_blank\" rel=\"noopener\">https:\/\/www.ndr.de\/fernsehen\/sendungen\/panorama\/archiv\/2024\/Israel-Deutsche-Aussenpolitik-in-der-Sackgasse,panorama18294.html<\/a><\/p>\n","protected":false},"excerpt":{"rendered":"<p>\ufeff\ufeff Erstaunliches geschieht: Auf einer Bundespressekonferenz (29.11. 2024) forderten Experten von der Bundesregierung Konsequenzen, die sich aus den Haftbefehlen des Internationalen Strafgerichtshofs gegen Netanjahu und seinen Ex- Verteidigungsminister ergeben. Dabei kritisierten sie ganz offen die &#8222;deutsche Staatsr\u00e4son&#8220;. Auch die Konsequenzen, &hellip; <a href=\"https:\/\/dpg-netz-bremen.de\/?p=13658\">Weiterlesen <span class=\"meta-nav\">&rarr;<\/span><\/a><\/p>\n","protected":false},"author":1,"featured_media":0,"comment_status":"closed","ping_status":"closed","sticky":false,"template":"","format":"standard","meta":{"ngg_post_thumbnail":0,"footnotes":""},"categories":[3],"tags":[],"class_list":["post-13658","post","type-post","status-publish","format-standard","hentry","category-allgemein"],"_links":{"self":[{"href":"https:\/\/dpg-netz-bremen.de\/index.php?rest_route=\/wp\/v2\/posts\/13658","targetHints":{"allow":["GET"]}}],"collection":[{"href":"https:\/\/dpg-netz-bremen.de\/index.php?rest_route=\/wp\/v2\/posts"}],"about":[{"href":"https:\/\/dpg-netz-bremen.de\/index.php?rest_route=\/wp\/v2\/types\/post"}],"author":[{"embeddable":true,"href":"https:\/\/dpg-netz-bremen.de\/index.php?rest_route=\/wp\/v2\/users\/1"}],"replies":[{"embeddable":true,"href":"https:\/\/dpg-netz-bremen.de\/index.php?rest_route=%2Fwp%2Fv2%2Fcomments&post=13658"}],"version-history":[{"count":4,"href":"https:\/\/dpg-netz-bremen.de\/index.php?rest_route=\/wp\/v2\/posts\/13658\/revisions"}],"predecessor-version":[{"id":13662,"href":"https:\/\/dpg-netz-bremen.de\/index.php?rest_route=\/wp\/v2\/posts\/13658\/revisions\/13662"}],"wp:attachment":[{"href":"https:\/\/dpg-netz-bremen.de\/index.php?rest_route=%2Fwp%2Fv2%2Fmedia&parent=13658"}],"wp:term":[{"taxonomy":"category","embeddable":true,"href":"https:\/\/dpg-netz-bremen.de\/index.php?rest_route=%2Fwp%2Fv2%2Fcategories&post=13658"},{"taxonomy":"post_tag","embeddable":true,"href":"https:\/\/dpg-netz-bremen.de\/index.php?rest_route=%2Fwp%2Fv2%2Ftags&post=13658"}],"curies":[{"name":"wp","href":"https:\/\/api.w.org\/{rel}","templated":true}]}}