{"id":14206,"date":"2025-03-14T15:47:07","date_gmt":"2025-03-14T15:47:07","guid":{"rendered":"https:\/\/nahost-forum-bremen.de\/?p=14206"},"modified":"2025-03-14T15:49:20","modified_gmt":"2025-03-14T15:49:20","slug":"interview-des-antisemitismusbeauftragten-felix-klein-eine-stellungnahme-der-dpg","status":"publish","type":"post","link":"https:\/\/dpg-netz-bremen.de\/?p=14206","title":{"rendered":"Interview des Antisemitismusbeauftragten Felix Klein &#8211; eine Stellungnahme der DPG"},"content":{"rendered":"<p><img loading=\"lazy\" decoding=\"async\" class=\"alignleft size-medium wp-image-1951\" src=\"http:\/\/nahost-forum-bremen.de\/wp-content\/uploads\/2015\/03\/15-03-28-DPG-Logo-300x135.jpg\" alt=\"\" width=\"300\" height=\"135\" srcset=\"https:\/\/dpg-netz-bremen.de\/wp-content\/uploads\/2015\/03\/15-03-28-DPG-Logo-300x135.jpg 300w, https:\/\/dpg-netz-bremen.de\/wp-content\/uploads\/2015\/03\/15-03-28-DPG-Logo-200x90.jpg 200w, https:\/\/dpg-netz-bremen.de\/wp-content\/uploads\/2015\/03\/15-03-28-DPG-Logo.jpg 400w\" sizes=\"auto, (max-width: 300px) 100vw, 300px\" \/>Stellungnahme der DPG zum Interview des Antisemitismusbeauftragten der Bundesregierung mit der Neuen Osnabr\u00fccker Zeitung am 04. 03. 2025. <a href=\"https:\/\/www.noz.de\/deutschland-welt\/politik\/artikel\/antisemitismusbeauftragter-klein- zu-gaza-und-linksextremismus-48415794\">Nachzulesen hier.<\/a><br \/>\nIn dem Interview mit der Neuen Osnabr\u00fccker Zeitung \u00e4u\u00dfert sich der Antisemitismusbeauftragte der Bundesregierung, Dr. Felix Klein, positiv zustimmend zum Vorschlag von US-Pr\u00e4sidenten Trump, den Gazastreifen in ein F\u00fcnf-Sterne-Resort einer globalen Elite zu verwandeln und die pal\u00e4stinensischen Bewohner in andere L\u00e4nder umzusiedeln.<!--more--> Statt die Vertreibungspl\u00e4ne zu zur\u00fcckzuweisen, lobte Klein Trumps Pl\u00e4ne mit den Worten: \u201eIch halte es nicht f\u00fcr verkehrt, radikal und einmal v\u00f6llig neu zu denken.\u201c Ethnische S\u00e4uberungen sind jedoch Verbrechen gegen die Menschlichkeit und damit v\u00f6lkerrechtswidrig.<\/p>\n<p>Laut Art. 25 des Grundgesetzes sind \u201edie allgemeinen Regeln des V\u00f6lkerrechtes Bestandteil des Bundesrechtes. Sie gehen den Gesetzen vor und erzeugen Rechte und Pflichten unmittelbar f\u00fcr die Bewohner des Bundesgebietes.\u201c Die Vertreibung einer Bev\u00f6lkerung aus ihrer Heimat ist im deutschen V\u00f6lkerstrafgesetzbuch in \u00a7 7, Abs. 4 als Verbrechen gegen die Menschlichkeit sanktioniert.<\/p>\n<p>Das m\u00fcsste Herr Dr. Klein als promovierter Jurist wissen. Das Grundgesetz verlangt von allen B\u00fcrgern die Treue zu den Normen des V\u00f6lkerrechts und die Beachtung seiner Regeln. Dies gilt nat\u00fcrlich ganz besonders f\u00fcr Personen, die direkt f\u00fcr die Bundesregierung t\u00e4tig sind. Mit seinen zynischen \u00c4u\u00dferungen hat Dr. Klein nicht nur seine Verachtung f\u00fcr Normen des V\u00f6lkerrechts zum Ausdruck gebracht, sondern er steht auch erkennbar nicht mehr auf dem Boden des deutschen Grundgesetzes.<br \/>\nJemand, der in einem Interview ein geplantes V\u00f6lkerrechtsverbrechen guthei\u00dft, ist in seiner Funktion als Beauftragter der Bundesregierung nicht mehr tragbar.<\/p>\n<p>Aus Sicht der Deutsch-Pal\u00e4stinensische Gesellschaft (DPG) ist die Entbindung Dr. Felix Kleins von seiner Aufgabe als Antisemitismusbeauftragter der Bundesregierung die einzige angemessene Reaktion.<br \/>\nM\u00e4rz 2025<br \/>\nDas DPG-Pr\u00e4sidium<br \/>\n<a href=\"mailto:praesidium@dpg-netz.de\">praesidium@dpg-netz.de<\/a><\/p>\n","protected":false},"excerpt":{"rendered":"<p>Stellungnahme der DPG zum Interview des Antisemitismusbeauftragten der Bundesregierung mit der Neuen Osnabr\u00fccker Zeitung am 04. 03. 2025. Nachzulesen hier. In dem Interview mit der Neuen Osnabr\u00fccker Zeitung \u00e4u\u00dfert sich der Antisemitismusbeauftragte der Bundesregierung, Dr. Felix Klein, positiv zustimmend zum &hellip; <a href=\"https:\/\/dpg-netz-bremen.de\/?p=14206\">Weiterlesen <span class=\"meta-nav\">&rarr;<\/span><\/a><\/p>\n","protected":false},"author":1,"featured_media":0,"comment_status":"closed","ping_status":"closed","sticky":false,"template":"","format":"standard","meta":{"ngg_post_thumbnail":0,"footnotes":""},"categories":[3],"tags":[],"class_list":["post-14206","post","type-post","status-publish","format-standard","hentry","category-allgemein"],"_links":{"self":[{"href":"https:\/\/dpg-netz-bremen.de\/index.php?rest_route=\/wp\/v2\/posts\/14206","targetHints":{"allow":["GET"]}}],"collection":[{"href":"https:\/\/dpg-netz-bremen.de\/index.php?rest_route=\/wp\/v2\/posts"}],"about":[{"href":"https:\/\/dpg-netz-bremen.de\/index.php?rest_route=\/wp\/v2\/types\/post"}],"author":[{"embeddable":true,"href":"https:\/\/dpg-netz-bremen.de\/index.php?rest_route=\/wp\/v2\/users\/1"}],"replies":[{"embeddable":true,"href":"https:\/\/dpg-netz-bremen.de\/index.php?rest_route=%2Fwp%2Fv2%2Fcomments&post=14206"}],"version-history":[{"count":2,"href":"https:\/\/dpg-netz-bremen.de\/index.php?rest_route=\/wp\/v2\/posts\/14206\/revisions"}],"predecessor-version":[{"id":14208,"href":"https:\/\/dpg-netz-bremen.de\/index.php?rest_route=\/wp\/v2\/posts\/14206\/revisions\/14208"}],"wp:attachment":[{"href":"https:\/\/dpg-netz-bremen.de\/index.php?rest_route=%2Fwp%2Fv2%2Fmedia&parent=14206"}],"wp:term":[{"taxonomy":"category","embeddable":true,"href":"https:\/\/dpg-netz-bremen.de\/index.php?rest_route=%2Fwp%2Fv2%2Fcategories&post=14206"},{"taxonomy":"post_tag","embeddable":true,"href":"https:\/\/dpg-netz-bremen.de\/index.php?rest_route=%2Fwp%2Fv2%2Ftags&post=14206"}],"curies":[{"name":"wp","href":"https:\/\/api.w.org\/{rel}","templated":true}]}}