{"id":14268,"date":"2025-03-26T08:39:57","date_gmt":"2025-03-26T08:39:57","guid":{"rendered":"http:\/\/nahost-forum-bremen.de\/?p=14268"},"modified":"2025-04-02T06:40:54","modified_gmt":"2025-04-02T06:40:54","slug":"grosses-iftar-essen-auf-dem-marktplatz","status":"publish","type":"post","link":"https:\/\/dpg-netz-bremen.de\/?p=14268","title":{"rendered":"Gemeinsames Iftar-Essen am 22. M\u00e4rz auf dem Marktplatz"},"content":{"rendered":"<p style=\"float: left; margin: 0 15px 5px 0;\"><iframe loading=\"lazy\" title=\"YouTube video player\" src=\"https:\/\/www.youtube-nocookie.com\/embed\/cj4Q_LfG1AY?si=mA0Eizl4znPWErZ2\" width=\"400\" height=\"225\" frameborder=\"0\" allowfullscreen=\"allowfullscreen\"><span data-mce-type=\"bookmark\" style=\"display: inline-block; width: 0px; overflow: hidden; line-height: 0;\" class=\"mce_SELRES_start\">\ufeff<\/span><span data-mce-type=\"bookmark\" style=\"display: inline-block; width: 0px; overflow: hidden; line-height: 0;\" class=\"mce_SELRES_start\"><\/span><\/iframe><\/p>\n<p>Die Pal\u00e4stinensische Gemeinde Bremen hatte am 22. M\u00e4rz 2025 das gro\u00dfe Iftar-Essen (Fastenbrechen) nach Sonnenuntergang auf dem Marktplatz organisiert. Das Video zeigt ein &#8222;Making-of&#8220; der umfangreichen Vorbereitungen. Die Gemeindemitglieder machten alles selber: einkaufen, Gem\u00fcsse schnippeln, in gro\u00dfen T\u00f6pfen garen, Reis kochen, Pudding-Portionen zubereiten, Brotschneiden, Tische und B\u00e4nke aufstellen, servieren und und und. Kein Catering-Service, keine Event-Agentur. Gro\u00dfartig und bewundernswert.<!--more--> Wieland Hoban von der &#8222;J\u00fcdischen Stimme f\u00fcr einen gerechten Frieden in Nahost&#8220; hielt eine bewegende Rede. Vor dem Abend auf dem Marktplatz zog die Demonstration vom Hauptbahnhof zum Marktplatz. Bedauerlich: weder der B\u00fcrgermeister noch Vertreter der Parteien, obwohl alle in aller Form herzlich eingeladen, lie\u00dfen sich an dem Abend blicken. Und die Bremer Medien berichteten mit keinem Wort \u00fcber diesen bedeutsamen Abend. Shame on you!!!<\/p>\nngg_shortcode_0_placeholder\n","protected":false},"excerpt":{"rendered":"<p>\ufeff Die Pal\u00e4stinensische Gemeinde Bremen hatte am 22. M\u00e4rz 2025 das gro\u00dfe Iftar-Essen (Fastenbrechen) nach Sonnenuntergang auf dem Marktplatz organisiert. Das Video zeigt ein &#8222;Making-of&#8220; der umfangreichen Vorbereitungen. Die Gemeindemitglieder machten alles selber: einkaufen, Gem\u00fcsse schnippeln, in gro\u00dfen T\u00f6pfen garen, &hellip; <a href=\"https:\/\/dpg-netz-bremen.de\/?p=14268\">Weiterlesen <span class=\"meta-nav\">&rarr;<\/span><\/a><\/p>\n","protected":false},"author":1,"featured_media":0,"comment_status":"closed","ping_status":"closed","sticky":false,"template":"","format":"standard","meta":{"ngg_post_thumbnail":0,"footnotes":""},"categories":[3,9],"tags":[],"class_list":["post-14268","post","type-post","status-publish","format-standard","hentry","category-allgemein","category-videos"],"_links":{"self":[{"href":"https:\/\/dpg-netz-bremen.de\/index.php?rest_route=\/wp\/v2\/posts\/14268","targetHints":{"allow":["GET"]}}],"collection":[{"href":"https:\/\/dpg-netz-bremen.de\/index.php?rest_route=\/wp\/v2\/posts"}],"about":[{"href":"https:\/\/dpg-netz-bremen.de\/index.php?rest_route=\/wp\/v2\/types\/post"}],"author":[{"embeddable":true,"href":"https:\/\/dpg-netz-bremen.de\/index.php?rest_route=\/wp\/v2\/users\/1"}],"replies":[{"embeddable":true,"href":"https:\/\/dpg-netz-bremen.de\/index.php?rest_route=%2Fwp%2Fv2%2Fcomments&post=14268"}],"version-history":[{"count":11,"href":"https:\/\/dpg-netz-bremen.de\/index.php?rest_route=\/wp\/v2\/posts\/14268\/revisions"}],"predecessor-version":[{"id":14293,"href":"https:\/\/dpg-netz-bremen.de\/index.php?rest_route=\/wp\/v2\/posts\/14268\/revisions\/14293"}],"wp:attachment":[{"href":"https:\/\/dpg-netz-bremen.de\/index.php?rest_route=%2Fwp%2Fv2%2Fmedia&parent=14268"}],"wp:term":[{"taxonomy":"category","embeddable":true,"href":"https:\/\/dpg-netz-bremen.de\/index.php?rest_route=%2Fwp%2Fv2%2Fcategories&post=14268"},{"taxonomy":"post_tag","embeddable":true,"href":"https:\/\/dpg-netz-bremen.de\/index.php?rest_route=%2Fwp%2Fv2%2Ftags&post=14268"}],"curies":[{"name":"wp","href":"https:\/\/api.w.org\/{rel}","templated":true}]}}