{"id":14682,"date":"2025-06-01T12:26:04","date_gmt":"2025-06-01T12:26:04","guid":{"rendered":"https:\/\/nahost-forum-bremen.de\/?p=14682"},"modified":"2025-06-01T12:26:04","modified_gmt":"2025-06-01T12:26:04","slug":"bei-der-champions-league-in-muenchen-wir-sind-alle-kinder-gazas","status":"publish","type":"post","link":"https:\/\/dpg-netz-bremen.de\/?p=14682","title":{"rendered":"Bei der Champions League in M\u00fcnchen: &#8222;Wir sind alle Kinder Gazas!&#8220;"},"content":{"rendered":"<p><a href=\"https:\/\/x.com\/i\/status\/1928947913532506413\"><img loading=\"lazy\" decoding=\"async\" class=\"alignleft wp-image-14683 size-medium\" src=\"http:\/\/nahost-forum-bremen.de\/wp-content\/uploads\/2025\/06\/25-06-01-fans-in-muenchen-300x167.jpg\" alt=\"\" width=\"300\" height=\"167\" srcset=\"https:\/\/dpg-netz-bremen.de\/wp-content\/uploads\/2025\/06\/25-06-01-fans-in-muenchen-300x167.jpg 300w, https:\/\/dpg-netz-bremen.de\/wp-content\/uploads\/2025\/06\/25-06-01-fans-in-muenchen-768x429.jpg 768w, https:\/\/dpg-netz-bremen.de\/wp-content\/uploads\/2025\/06\/25-06-01-fans-in-muenchen-500x279.jpg 500w, https:\/\/dpg-netz-bremen.de\/wp-content\/uploads\/2025\/06\/25-06-01-fans-in-muenchen.jpg 885w\" sizes=\"auto, (max-width: 300px) 100vw, 300px\" \/><\/a>Tausende franz\u00f6sische ?? Paris-Fans zogen vorm CL-Finale durch M\u00fcnchen und zeigten lautstark Solidarit\u00e4t mit den pal\u00e4stinensischen ?? Opfern des israelischen Genozids. Keine deutsche Fangruppe tat bislang Vergleichbares. Das wurde kurz berichtet von Tarek Ba\u00e9 auf X. Hier: <a href=\"https:\/\/x.com\/i\/status\/1928947913532506413\" target=\"_blank\" rel=\"noopener\">https:\/\/x.com\/i\/status\/1928947913532506413<\/a><\/p>\n","protected":false},"excerpt":{"rendered":"<p>Tausende franz\u00f6sische ?? Paris-Fans zogen vorm CL-Finale durch M\u00fcnchen und zeigten lautstark Solidarit\u00e4t mit den pal\u00e4stinensischen ?? Opfern des israelischen Genozids. Keine deutsche Fangruppe tat bislang Vergleichbares. Das wurde kurz berichtet von Tarek Ba\u00e9 auf X. Hier: https:\/\/x.com\/i\/status\/1928947913532506413<\/p>\n","protected":false},"author":1,"featured_media":0,"comment_status":"closed","ping_status":"closed","sticky":false,"template":"","format":"standard","meta":{"ngg_post_thumbnail":0,"footnotes":""},"categories":[3],"tags":[],"class_list":["post-14682","post","type-post","status-publish","format-standard","hentry","category-allgemein"],"_links":{"self":[{"href":"https:\/\/dpg-netz-bremen.de\/index.php?rest_route=\/wp\/v2\/posts\/14682","targetHints":{"allow":["GET"]}}],"collection":[{"href":"https:\/\/dpg-netz-bremen.de\/index.php?rest_route=\/wp\/v2\/posts"}],"about":[{"href":"https:\/\/dpg-netz-bremen.de\/index.php?rest_route=\/wp\/v2\/types\/post"}],"author":[{"embeddable":true,"href":"https:\/\/dpg-netz-bremen.de\/index.php?rest_route=\/wp\/v2\/users\/1"}],"replies":[{"embeddable":true,"href":"https:\/\/dpg-netz-bremen.de\/index.php?rest_route=%2Fwp%2Fv2%2Fcomments&post=14682"}],"version-history":[{"count":1,"href":"https:\/\/dpg-netz-bremen.de\/index.php?rest_route=\/wp\/v2\/posts\/14682\/revisions"}],"predecessor-version":[{"id":14684,"href":"https:\/\/dpg-netz-bremen.de\/index.php?rest_route=\/wp\/v2\/posts\/14682\/revisions\/14684"}],"wp:attachment":[{"href":"https:\/\/dpg-netz-bremen.de\/index.php?rest_route=%2Fwp%2Fv2%2Fmedia&parent=14682"}],"wp:term":[{"taxonomy":"category","embeddable":true,"href":"https:\/\/dpg-netz-bremen.de\/index.php?rest_route=%2Fwp%2Fv2%2Fcategories&post=14682"},{"taxonomy":"post_tag","embeddable":true,"href":"https:\/\/dpg-netz-bremen.de\/index.php?rest_route=%2Fwp%2Fv2%2Ftags&post=14682"}],"curies":[{"name":"wp","href":"https:\/\/api.w.org\/{rel}","templated":true}]}}