{"id":14801,"date":"2025-06-15T21:40:50","date_gmt":"2025-06-15T21:40:50","guid":{"rendered":"https:\/\/nahost-forum-bremen.de\/?p=14801"},"modified":"2025-06-22T07:12:45","modified_gmt":"2025-06-22T07:12:45","slug":"14801","status":"publish","type":"post","link":"https:\/\/dpg-netz-bremen.de\/?p=14801","title":{"rendered":"Free-Gaza-Demo am 14. Juni 2025"},"content":{"rendered":"<p style=\"float: left; margin: 0 15px 5px 0;\"><video controls=\"controls\" width=\"300\" height=\"\"><source src=\"http:\/\/nahost-forum-bremen.de\/wp-content\/uploads\/2025\/06\/free-gaza-nr-85-720px.mp4\" type=\"video\/mp4\">Dein Browser unterst\u00fctzt das Video-Tag nicht.<\/video><\/p>\n<p>Zur Kundgebung mit anschlie\u00dfender Demo hatte am 14. Juni 2025 wieder die Pal\u00e4stinensische Gemeinde Bremen aufgerufen. Am Abend vorher, in der Nacht zum 13. Juni, hatte Israel den Angriff auf den Iran begonnen. Die Morde und die Vernichtungen in Gaza und in der Westbank gehen weiter, auch wenn dar\u00fcber in den deutschen Medien fast nichts mehr berichtet wird. An der Kundgebung, die dieses Mal auf dem Hillmannplatz vor dem Finanzamt stattfand und an der anschlie\u00dfenden Demonstration durch Innenstadt beteiligten sich wieder sehr viele Menschen. Hier einige Ausschnitte mit Fotos, die wir vom Instagram-Kanal der Pal\u00e4stinensischen Gemeinde Bremen und Umgebung \u00fcbernommen haben.<br \/>\n<a href=\"https:\/\/www.instagram.com\/p\/DK5iudXozDC\/?img_index=1\" target=\"_blank\" rel=\"noopener\">Zum Instagram-Kanal der PGB hier.<\/a><\/p>\n","protected":false},"excerpt":{"rendered":"<p>Dein Browser unterst\u00fctzt das Video-Tag nicht. Zur Kundgebung mit anschlie\u00dfender Demo hatte am 14. Juni 2025 wieder die Pal\u00e4stinensische Gemeinde Bremen aufgerufen. Am Abend vorher, in der Nacht zum 13. Juni, hatte Israel den Angriff auf den Iran begonnen. Die &hellip; <a href=\"https:\/\/dpg-netz-bremen.de\/?p=14801\">Weiterlesen <span class=\"meta-nav\">&rarr;<\/span><\/a><\/p>\n","protected":false},"author":1,"featured_media":0,"comment_status":"closed","ping_status":"closed","sticky":false,"template":"","format":"standard","meta":{"ngg_post_thumbnail":0,"footnotes":""},"categories":[3],"tags":[],"class_list":["post-14801","post","type-post","status-publish","format-standard","hentry","category-allgemein"],"_links":{"self":[{"href":"https:\/\/dpg-netz-bremen.de\/index.php?rest_route=\/wp\/v2\/posts\/14801","targetHints":{"allow":["GET"]}}],"collection":[{"href":"https:\/\/dpg-netz-bremen.de\/index.php?rest_route=\/wp\/v2\/posts"}],"about":[{"href":"https:\/\/dpg-netz-bremen.de\/index.php?rest_route=\/wp\/v2\/types\/post"}],"author":[{"embeddable":true,"href":"https:\/\/dpg-netz-bremen.de\/index.php?rest_route=\/wp\/v2\/users\/1"}],"replies":[{"embeddable":true,"href":"https:\/\/dpg-netz-bremen.de\/index.php?rest_route=%2Fwp%2Fv2%2Fcomments&post=14801"}],"version-history":[{"count":11,"href":"https:\/\/dpg-netz-bremen.de\/index.php?rest_route=\/wp\/v2\/posts\/14801\/revisions"}],"predecessor-version":[{"id":14851,"href":"https:\/\/dpg-netz-bremen.de\/index.php?rest_route=\/wp\/v2\/posts\/14801\/revisions\/14851"}],"wp:attachment":[{"href":"https:\/\/dpg-netz-bremen.de\/index.php?rest_route=%2Fwp%2Fv2%2Fmedia&parent=14801"}],"wp:term":[{"taxonomy":"category","embeddable":true,"href":"https:\/\/dpg-netz-bremen.de\/index.php?rest_route=%2Fwp%2Fv2%2Fcategories&post=14801"},{"taxonomy":"post_tag","embeddable":true,"href":"https:\/\/dpg-netz-bremen.de\/index.php?rest_route=%2Fwp%2Fv2%2Ftags&post=14801"}],"curies":[{"name":"wp","href":"https:\/\/api.w.org\/{rel}","templated":true}]}}