{"id":14995,"date":"2025-07-13T10:05:58","date_gmt":"2025-07-13T10:05:58","guid":{"rendered":"http:\/\/dpg-netz-bremen.de\/?p=14995"},"modified":"2025-07-22T06:12:44","modified_gmt":"2025-07-22T06:12:44","slug":"videobericht-von-89-free-gaza-kundgebung-und-demonstration","status":"publish","type":"post","link":"https:\/\/dpg-netz-bremen.de\/?p=14995","title":{"rendered":"Videobericht von 89. Free-Gaza-Kundgebung und Demonstration"},"content":{"rendered":"<p style=\"float: left; margin: 0 15px 5px 0;\"><iframe loading=\"lazy\" title=\"YouTube video player\" src=\"https:\/\/www.youtube-nocookie.com\/embed\/qC2dIgED0Ig?si=7LFW8PWwiTLvrxL3\" width=\"300\" height=\"169\" frameborder=\"0\" allowfullscreen=\"allowfullscreen\"><span data-mce-type=\"bookmark\" style=\"display: inline-block; width: 0px; overflow: hidden; line-height: 0;\" class=\"mce_SELRES_start\">\ufeff<\/span><span data-mce-type=\"bookmark\" style=\"display: inline-block; width: 0px; overflow: hidden; line-height: 0;\" class=\"mce_SELRES_start\"><\/span><\/iframe><\/p>\n<p>Die Pal\u00e4stinensische Gemeinde Bremen hat am 12.07.2025 zu ihrer 89. Free-Gaza-Demonstration aufgerufen. Wolfgang Vormann (aufstehen Bremen) meinte: &#8222;Die ganze westliche Rechtsordnung derzeit zusammen und f\u00e4llt uns vor die F\u00fc\u00dfe.&#8220; Und: &#8222;Das Mindeste, was wir hier in Deutschland tun k\u00f6nnen, ist, dar\u00fcber nicht zu schweigen.&#8220; (<a href=\"http:\/\/dpg-netz-bremen.de\/wp-content\/uploads\/2025\/07\/rede-wolfgang-vormann.pdf\" target=\"_blank\" rel=\"noopener\">Die Rede zum Download hier<\/a>) Der Schrecken und die Verzweiflung \u00fcber die von der Zeitung Haaretz \u00f6ffentlich gemachten Pl\u00e4ne f\u00fcr ein Ghetto und sogar f\u00fcr konzentrationslager-\u00e4hnliche Einrichtungen waren bei den Zwischenstopps immer wieder Thema. Am Schluss verlas Detlef Griesche (DPG Bremen) einige Zitate aus einem Artikel von Gideon Levy \u00fcber die schier unfassbaren Parallelen zum Judenmord, den die Nazis in Deutschland begangen haben. (<a href=\"http:\/\/dpg-netz-bremen.de\/wp-content\/uploads\/2025\/07\/gideon-levy-in-haaretz.pdf\" target=\"_blank\" rel=\"noopener\">Der Artikel von Levy in deutscher \u00dcbersetzung hier zum Download<\/a>).<br \/>\n<em>Video: Marlies und S\u00f6nke Hundt<\/em><\/p>\n","protected":false},"excerpt":{"rendered":"<p>\ufeff Die Pal\u00e4stinensische Gemeinde Bremen hat am 12.07.2025 zu ihrer 89. Free-Gaza-Demonstration aufgerufen. Wolfgang Vormann (aufstehen Bremen) meinte: &#8222;Die ganze westliche Rechtsordnung derzeit zusammen und f\u00e4llt uns vor die F\u00fc\u00dfe.&#8220; Und: &#8222;Das Mindeste, was wir hier in Deutschland tun k\u00f6nnen, &hellip; <a href=\"https:\/\/dpg-netz-bremen.de\/?p=14995\">Weiterlesen <span class=\"meta-nav\">&rarr;<\/span><\/a><\/p>\n","protected":false},"author":1,"featured_media":0,"comment_status":"closed","ping_status":"closed","sticky":false,"template":"","format":"standard","meta":{"ngg_post_thumbnail":0,"footnotes":""},"categories":[3,9],"tags":[],"class_list":["post-14995","post","type-post","status-publish","format-standard","hentry","category-allgemein","category-videos"],"_links":{"self":[{"href":"https:\/\/dpg-netz-bremen.de\/index.php?rest_route=\/wp\/v2\/posts\/14995","targetHints":{"allow":["GET"]}}],"collection":[{"href":"https:\/\/dpg-netz-bremen.de\/index.php?rest_route=\/wp\/v2\/posts"}],"about":[{"href":"https:\/\/dpg-netz-bremen.de\/index.php?rest_route=\/wp\/v2\/types\/post"}],"author":[{"embeddable":true,"href":"https:\/\/dpg-netz-bremen.de\/index.php?rest_route=\/wp\/v2\/users\/1"}],"replies":[{"embeddable":true,"href":"https:\/\/dpg-netz-bremen.de\/index.php?rest_route=%2Fwp%2Fv2%2Fcomments&post=14995"}],"version-history":[{"count":3,"href":"https:\/\/dpg-netz-bremen.de\/index.php?rest_route=\/wp\/v2\/posts\/14995\/revisions"}],"predecessor-version":[{"id":14998,"href":"https:\/\/dpg-netz-bremen.de\/index.php?rest_route=\/wp\/v2\/posts\/14995\/revisions\/14998"}],"wp:attachment":[{"href":"https:\/\/dpg-netz-bremen.de\/index.php?rest_route=%2Fwp%2Fv2%2Fmedia&parent=14995"}],"wp:term":[{"taxonomy":"category","embeddable":true,"href":"https:\/\/dpg-netz-bremen.de\/index.php?rest_route=%2Fwp%2Fv2%2Fcategories&post=14995"},{"taxonomy":"post_tag","embeddable":true,"href":"https:\/\/dpg-netz-bremen.de\/index.php?rest_route=%2Fwp%2Fv2%2Ftags&post=14995"}],"curies":[{"name":"wp","href":"https:\/\/api.w.org\/{rel}","templated":true}]}}