{"id":15044,"date":"2025-07-23T06:22:14","date_gmt":"2025-07-23T06:22:14","guid":{"rendered":"http:\/\/dpg-netz-bremen.de\/?p=15044"},"modified":"2025-07-23T06:22:14","modified_gmt":"2025-07-23T06:22:14","slug":"schlechtes-gewissen-bei-bundestagsabgeordneten","status":"publish","type":"post","link":"https:\/\/dpg-netz-bremen.de\/?p=15044","title":{"rendered":"Schlechtes Gewissen bei Bundestagsabgeordneten"},"content":{"rendered":"<p>Die SPD-Bundestagsfraktion hat die Bundesregierung aufgefordert, eine gemeinsame Forderung von inzwischen 28 Staaten nach einem sofortigen Ende des Kriegs im Gazastreifen ebenfalls zu unterst\u00fctzen. Das klare Signal der 28 Staaten sei richtig, Deutschland solle sich der Initiative anschlie\u00dfen. Zun\u00e4chst 25 L\u00e4nder, darunter Gro\u00dfbritannien, Frankreich und Italien, hatten am Montag in einer gemeinsamen Erkl\u00e4rung ein sofortiges Kriegsende im Gazastreifen geforderte. Am Dienstag schlossen sich drei weitere L\u00e4nder sowie die EU-Kommission an. <!--more--><\/p>\n<p>Deutschland geh\u00f6rt nicht zur Reihe der Unterzeichner. Au\u00dfenminister Johann Wadephul (CDU) wies aber darauf hin, dass er mit dem israelischen Au\u00dfenminister &#8222;gesprochen&#8220; und seiner Sorge \u00fcber die Lage zum Ausdruck gebracht habe. Die SPD-Fraktion schl\u00e4gt als konkrete Ma\u00dfnahmen vor:&nbsp;<\/p>\n<ul>\n<li>bestehende Kooperationen wie das Assoziierungsabkommen auf Eis&#8220; zu legen<\/li>\n<li>und den Export von Waffen zu stoppen, die v\u00f6lkerrechtswidrig eingesetzt werden.<\/li>\n<\/ul>\n<p>BSW-Chefin Sahra Wagenknecht nannte die deutsche Zur\u00fcckhaltung in der Frage &#8222;eine au\u00dfenpolitische Bankrotterkl\u00e4rung&#8220;. Wenn Frankreich, Polen und andere EU-Staaten dabei seien, habe sich die Bundesregierung &#8222;in Europa auch noch au\u00dfenpolitisch isoliert&#8220;, sagte Wagenknecht der Nachrichtenagentur AFP. Bundeskanzler Friedrich Merz (CDU) und Au\u00dfenminister Wadephul &#8222;tun viel zu wenig, um auf die israelische Regierung einzuwirken&#8220;, sagte Wagenknecht weiter.<\/p>\n","protected":false},"excerpt":{"rendered":"<p>Die SPD-Bundestagsfraktion hat die Bundesregierung aufgefordert, eine gemeinsame Forderung von inzwischen 28 Staaten nach einem sofortigen Ende des Kriegs im Gazastreifen ebenfalls zu unterst\u00fctzen. Das klare Signal der 28 Staaten sei richtig, Deutschland solle sich der Initiative anschlie\u00dfen. Zun\u00e4chst 25 &hellip; <a href=\"https:\/\/dpg-netz-bremen.de\/?p=15044\">Weiterlesen <span class=\"meta-nav\">&rarr;<\/span><\/a><\/p>\n","protected":false},"author":1,"featured_media":0,"comment_status":"closed","ping_status":"closed","sticky":false,"template":"","format":"standard","meta":{"ngg_post_thumbnail":0,"footnotes":""},"categories":[3],"tags":[],"class_list":["post-15044","post","type-post","status-publish","format-standard","hentry","category-allgemein"],"_links":{"self":[{"href":"https:\/\/dpg-netz-bremen.de\/index.php?rest_route=\/wp\/v2\/posts\/15044","targetHints":{"allow":["GET"]}}],"collection":[{"href":"https:\/\/dpg-netz-bremen.de\/index.php?rest_route=\/wp\/v2\/posts"}],"about":[{"href":"https:\/\/dpg-netz-bremen.de\/index.php?rest_route=\/wp\/v2\/types\/post"}],"author":[{"embeddable":true,"href":"https:\/\/dpg-netz-bremen.de\/index.php?rest_route=\/wp\/v2\/users\/1"}],"replies":[{"embeddable":true,"href":"https:\/\/dpg-netz-bremen.de\/index.php?rest_route=%2Fwp%2Fv2%2Fcomments&post=15044"}],"version-history":[{"count":2,"href":"https:\/\/dpg-netz-bremen.de\/index.php?rest_route=\/wp\/v2\/posts\/15044\/revisions"}],"predecessor-version":[{"id":15046,"href":"https:\/\/dpg-netz-bremen.de\/index.php?rest_route=\/wp\/v2\/posts\/15044\/revisions\/15046"}],"wp:attachment":[{"href":"https:\/\/dpg-netz-bremen.de\/index.php?rest_route=%2Fwp%2Fv2%2Fmedia&parent=15044"}],"wp:term":[{"taxonomy":"category","embeddable":true,"href":"https:\/\/dpg-netz-bremen.de\/index.php?rest_route=%2Fwp%2Fv2%2Fcategories&post=15044"},{"taxonomy":"post_tag","embeddable":true,"href":"https:\/\/dpg-netz-bremen.de\/index.php?rest_route=%2Fwp%2Fv2%2Ftags&post=15044"}],"curies":[{"name":"wp","href":"https:\/\/api.w.org\/{rel}","templated":true}]}}