{"id":15071,"date":"2025-07-25T13:20:48","date_gmt":"2025-07-25T13:20:48","guid":{"rendered":"http:\/\/dpg-netz-bremen.de\/?p=15071"},"modified":"2025-07-25T13:20:48","modified_gmt":"2025-07-25T13:20:48","slug":"adis-ahmetovic-und-rolf-muetzenich-spd-fraktion-der-point-of-no-return-ist-erreicht","status":"publish","type":"post","link":"https:\/\/dpg-netz-bremen.de\/?p=15071","title":{"rendered":"Adis Ahmetovic und Rolf M\u00fctzenich (SPD-Fraktion): Der &#8218;point of no return&#8216; ist erreicht"},"content":{"rendered":"<p><a href=\"https:\/\/www.spdfraktion.de\/presse\/statements\/point-return-erreicht\" target=\"_blank\" rel=\"noopener\">Statement von Adis Ahmetovi\u0107 und Rolf M\u00fctzenich auf der Webseite der SPD-Fraktion im Bundestag:&nbsp;<\/a><a href=\"https:\/\/www.spdfraktion.de\/presse\/statements\/point-return-erreicht\" target=\"_blank\" rel=\"noopener\"><img loading=\"lazy\" decoding=\"async\" class=\"alignleft wp-image-15072 size-medium\" src=\"http:\/\/dpg-netz-bremen.de\/wp-content\/uploads\/2025\/07\/25-07-25-point-of-no-return-300x289.jpg\" alt=\"\" width=\"300\" height=\"289\" srcset=\"https:\/\/dpg-netz-bremen.de\/wp-content\/uploads\/2025\/07\/25-07-25-point-of-no-return-300x289.jpg 300w, https:\/\/dpg-netz-bremen.de\/wp-content\/uploads\/2025\/07\/25-07-25-point-of-no-return-768x740.jpg 768w, https:\/\/dpg-netz-bremen.de\/wp-content\/uploads\/2025\/07\/25-07-25-point-of-no-return-311x300.jpg 311w, https:\/\/dpg-netz-bremen.de\/wp-content\/uploads\/2025\/07\/25-07-25-point-of-no-return.jpg 950w\" sizes=\"auto, (max-width: 300px) 100vw, 300px\" \/><\/a><br \/>\nDie humanit\u00e4re Katastrophe in Gaza hat den \u201apoint of no return\u2018 erreicht. Wir fordern klare und umgehende Konsequenzen der Bundesregierung. Die v\u00f6lkerrechtswidrige Besatzung und die fortgesetzte Missachtung grundlegender Menschenrechte lassen keinen politischen Interpretationsspielraum mehr zu, sagen Adis Ahmetovi\u0107 und Rolf M\u00fctzenich.<\/p>\n<p>\u201eDie Lage in Gaza ist katastrophal und stellt einen humanit\u00e4ren Abgrund dar. Diesen hat das Weltern\u00e4hrungsprogramm (WFP) seit Monaten mit ersch\u00fctternder Klarheit prognostiziert. Der UN-Hochkommissar f\u00fcr Menschenrechte (UN OHCHR) berichtet von knapp 800 Pal\u00e4stinenser:innen, die in der N\u00e4he von Verteilzentren der sogenannten Gaza Humanitarian Foundation\u2018 get\u00f6tet wurden.<!--more--> Menschen auf der Suche nach Essen d\u00fcrfen niemals zu milit\u00e4rischen Zielen werden. Die Berichte \u00fcber verhungerte Kinder und eine rapide eskalierende Hungersnot zeigen: Wir haben den viel beschworenen \u201apoint of no return\u2018 erreicht.<\/p>\n<p>Das mit Israel vereinbarte EU-Abkommen zur Verbesserung des humanit\u00e4ren Zugangs bleibt wirkungslos \u2013 ein weiteres leeres Versprechen der israelischen Regierung, w\u00e4hrend Menschen sterben. Parallel nehmen Planungen f\u00fcr erzwungene und dauerhafte Vertreibung der pal\u00e4stinensischen Bev\u00f6lkerung konkrete Formen an \u2013 ob durch neuerliche Ank\u00fcndigung von milit\u00e4rischen Sperrgebieten im Gaza-Streifen, angebliche Gespr\u00e4che mit Drittstaaten oder die systematische Zerst\u00f6rung ziviler Infrastruktur durch Abrissarbeiten in Gaza, die durch das israelische Milit\u00e4r vorgenommen werden. Dies ist ein systematischer Vertreibungsprozess, den wir in aller Sch\u00e4rfe ablehnen.<\/p>\n<p>Wir fordern daher klare und umgehende Konsequenzen. Die v\u00f6lkerrechtswidrige Besatzung und die fortgesetzte Missachtung grundlegender Menschenrechte lassen keinen politischen Interpretationsspielraum mehr zu.<\/p>\n<p>Es ist an der Zeit, dass sich die Bundesregierung den Initiativen auf europ\u00e4ischer Ebene anschlie\u00dft, bestehende Kooperationen, wie das Assoziierungsabkommen, auf Eis legt und weitere Ma\u00dfnahmen, wie den Stopp von Waffenexporten an die israelische Regierung, die v\u00f6lkerrechtswidrig eingesetzt werden, durchsetzt.<\/p>\n<p>Das ist aus unserer Sicht geboten, um unsere v\u00f6lkerrechtliche Verantwortung, die in unserem Grundgesetz verankert ist, konsequent zu erf\u00fcllen. Zudem haben uns die vergangenen 21 Monate gezeigt, dass es nur auf der Grundlage von diplomatischen Verhandlungen zur Waffenruhe gekommen ist, Geiseln freigekommen sind, und das humanit\u00e4re Leid gelindert werden konnte.<\/p>\n<p>Deshalb muss es:<\/p>\n<p>zum Ende der milit\u00e4rischen Operation in Gaza und<br \/>\nzum Ende des illegalen Siedlungsbaus in der Westbank kommen sowie<br \/>\neinen politischen Willen zur perspektivischen Zwei-Staaten-L\u00f6sung geben.<\/p>\n<p>Kurzfristig fordern wir die Bundesregierung auf, sich beim arabischen Wiederaufbauplan f\u00fcr Gaza aktiv einzubringen und sich der UK-Initiative mit den 28 weiteren internationalen Partnern \u2013 wie zum Beispiel Frankreich, Kanada und \u00d6sterreich \u2013 anzuschlie\u00dfen.<\/p>\n<p>Alle Geiseln m\u00fcssen ohne Bedingungen und unverz\u00fcglich freigelassen werden.&#8220;<\/p>\n","protected":false},"excerpt":{"rendered":"<p>Statement von Adis Ahmetovi\u0107 und Rolf M\u00fctzenich auf der Webseite der SPD-Fraktion im Bundestag:&nbsp; Die humanit\u00e4re Katastrophe in Gaza hat den \u201apoint of no return\u2018 erreicht. Wir fordern klare und umgehende Konsequenzen der Bundesregierung. Die v\u00f6lkerrechtswidrige Besatzung und die fortgesetzte &hellip; <a href=\"https:\/\/dpg-netz-bremen.de\/?p=15071\">Weiterlesen <span class=\"meta-nav\">&rarr;<\/span><\/a><\/p>\n","protected":false},"author":1,"featured_media":0,"comment_status":"closed","ping_status":"closed","sticky":false,"template":"","format":"standard","meta":{"ngg_post_thumbnail":0,"footnotes":""},"categories":[3],"tags":[],"class_list":["post-15071","post","type-post","status-publish","format-standard","hentry","category-allgemein"],"_links":{"self":[{"href":"https:\/\/dpg-netz-bremen.de\/index.php?rest_route=\/wp\/v2\/posts\/15071","targetHints":{"allow":["GET"]}}],"collection":[{"href":"https:\/\/dpg-netz-bremen.de\/index.php?rest_route=\/wp\/v2\/posts"}],"about":[{"href":"https:\/\/dpg-netz-bremen.de\/index.php?rest_route=\/wp\/v2\/types\/post"}],"author":[{"embeddable":true,"href":"https:\/\/dpg-netz-bremen.de\/index.php?rest_route=\/wp\/v2\/users\/1"}],"replies":[{"embeddable":true,"href":"https:\/\/dpg-netz-bremen.de\/index.php?rest_route=%2Fwp%2Fv2%2Fcomments&post=15071"}],"version-history":[{"count":2,"href":"https:\/\/dpg-netz-bremen.de\/index.php?rest_route=\/wp\/v2\/posts\/15071\/revisions"}],"predecessor-version":[{"id":15074,"href":"https:\/\/dpg-netz-bremen.de\/index.php?rest_route=\/wp\/v2\/posts\/15071\/revisions\/15074"}],"wp:attachment":[{"href":"https:\/\/dpg-netz-bremen.de\/index.php?rest_route=%2Fwp%2Fv2%2Fmedia&parent=15071"}],"wp:term":[{"taxonomy":"category","embeddable":true,"href":"https:\/\/dpg-netz-bremen.de\/index.php?rest_route=%2Fwp%2Fv2%2Fcategories&post=15071"},{"taxonomy":"post_tag","embeddable":true,"href":"https:\/\/dpg-netz-bremen.de\/index.php?rest_route=%2Fwp%2Fv2%2Ftags&post=15071"}],"curies":[{"name":"wp","href":"https:\/\/api.w.org\/{rel}","templated":true}]}}