{"id":15340,"date":"2025-09-13T19:22:58","date_gmt":"2025-09-13T19:22:58","guid":{"rendered":"https:\/\/dpg-netz-bremen.de\/?p=15340"},"modified":"2025-09-16T12:55:40","modified_gmt":"2025-09-16T12:55:40","slug":"friedenskundgebung-in-berlin","status":"publish","type":"post","link":"https:\/\/dpg-netz-bremen.de\/?p=15340","title":{"rendered":"Friedenskundgebung in Berlin"},"content":{"rendered":"<p><a href=\"https:\/\/www.youtube.com\/live\/loyBDM_W8Zg?si=oNyoAS24TFZabLsf\" target=\"_blank\" rel=\"noopener\"><img loading=\"lazy\" decoding=\"async\" class=\"alignleft wp-image-15341 size-medium\" src=\"http:\/\/dpg-netz-bremen.de\/wp-content\/uploads\/2025\/09\/titelbild-300x168.jpg\" alt=\"\" width=\"300\" height=\"168\" srcset=\"https:\/\/dpg-netz-bremen.de\/wp-content\/uploads\/2025\/09\/titelbild-300x168.jpg 300w, https:\/\/dpg-netz-bremen.de\/wp-content\/uploads\/2025\/09\/titelbild-1024x575.jpg 1024w, https:\/\/dpg-netz-bremen.de\/wp-content\/uploads\/2025\/09\/titelbild-768x431.jpg 768w, https:\/\/dpg-netz-bremen.de\/wp-content\/uploads\/2025\/09\/titelbild-500x281.jpg 500w, https:\/\/dpg-netz-bremen.de\/wp-content\/uploads\/2025\/09\/titelbild.jpg 1181w\" sizes=\"auto, (max-width: 300px) 100vw, 300px\" \/><\/a>Am 13. September berichtet Lothar Schwarz sehr ausf\u00fchrlich (3 h 37 min) von der gro\u00dfen Friedensdemo in Berlin vor dem Brandenburger Tor, ausgerichtet vom B\u00fcndnis Sahra Wagenknecht (BSW). Folgende Prominente aus Politik, Kabarett, Musik und Journalismus traten als Redner auf:&nbsp;<br \/>\nSahra Wagenknecht,<br \/>\nDieter Hallervorden ,<br \/>\nGabriele Krone-Schmalz,<br \/>\nDaniel Aminati,<br \/>\nRapper Massiv,<br \/>\nRapper Bausa.<!--more--><\/p>\n<p>Ja, war eine beeindruckende Friedenskundgebung mit rd.20.000 Teilnehmern (die Polizei spricht offiziell von 12.000, haha). Sehr gute Reden von Wagenknecht (fulminant), Krone-Schmalz (analytisch) und Hallervorden (humanistisch). Geimnsamer Widerstand gegen die Kriegshysterie ist wichtiger&nbsp;denn&nbsp;je.<\/p>\n<p>Wem das Video zu lang ist (3 Stunden!) kann die Reden von Dieter Hallervorden, Roger Waters, Sahra Wagenknecht, Jeffrey Sachs, Gabriele Krone-Schmalz und Massiv als podcast hier h\u00f6ren: <a href=\"https:\/\/bremerfriedensforum.de\/2025\/09\/13\/13-9-2025-friedensdemo-in-berlin-6-reden-zum-nachhoeren\/\" target=\"_blank\" rel=\"noopener\">https:\/\/bremerfriedensforum.de\/2025\/09\/13\/13-9-2025-friedensdemo-in-berlin-6-reden-zum-nachhoeren\/<\/a><\/p>\n","protected":false},"excerpt":{"rendered":"<p>Am 13. September berichtet Lothar Schwarz sehr ausf\u00fchrlich (3 h 37 min) von der gro\u00dfen Friedensdemo in Berlin vor dem Brandenburger Tor, ausgerichtet vom B\u00fcndnis Sahra Wagenknecht (BSW). Folgende Prominente aus Politik, Kabarett, Musik und Journalismus traten als Redner auf:&nbsp; &hellip; <a href=\"https:\/\/dpg-netz-bremen.de\/?p=15340\">Weiterlesen <span class=\"meta-nav\">&rarr;<\/span><\/a><\/p>\n","protected":false},"author":1,"featured_media":0,"comment_status":"closed","ping_status":"closed","sticky":false,"template":"","format":"standard","meta":{"ngg_post_thumbnail":0,"footnotes":""},"categories":[3,9],"tags":[],"class_list":["post-15340","post","type-post","status-publish","format-standard","hentry","category-allgemein","category-videos"],"_links":{"self":[{"href":"https:\/\/dpg-netz-bremen.de\/index.php?rest_route=\/wp\/v2\/posts\/15340","targetHints":{"allow":["GET"]}}],"collection":[{"href":"https:\/\/dpg-netz-bremen.de\/index.php?rest_route=\/wp\/v2\/posts"}],"about":[{"href":"https:\/\/dpg-netz-bremen.de\/index.php?rest_route=\/wp\/v2\/types\/post"}],"author":[{"embeddable":true,"href":"https:\/\/dpg-netz-bremen.de\/index.php?rest_route=\/wp\/v2\/users\/1"}],"replies":[{"embeddable":true,"href":"https:\/\/dpg-netz-bremen.de\/index.php?rest_route=%2Fwp%2Fv2%2Fcomments&post=15340"}],"version-history":[{"count":11,"href":"https:\/\/dpg-netz-bremen.de\/index.php?rest_route=\/wp\/v2\/posts\/15340\/revisions"}],"predecessor-version":[{"id":15354,"href":"https:\/\/dpg-netz-bremen.de\/index.php?rest_route=\/wp\/v2\/posts\/15340\/revisions\/15354"}],"wp:attachment":[{"href":"https:\/\/dpg-netz-bremen.de\/index.php?rest_route=%2Fwp%2Fv2%2Fmedia&parent=15340"}],"wp:term":[{"taxonomy":"category","embeddable":true,"href":"https:\/\/dpg-netz-bremen.de\/index.php?rest_route=%2Fwp%2Fv2%2Fcategories&post=15340"},{"taxonomy":"post_tag","embeddable":true,"href":"https:\/\/dpg-netz-bremen.de\/index.php?rest_route=%2Fwp%2Fv2%2Ftags&post=15340"}],"curies":[{"name":"wp","href":"https:\/\/api.w.org\/{rel}","templated":true}]}}