{"id":15399,"date":"2025-09-21T12:38:26","date_gmt":"2025-09-21T12:38:26","guid":{"rendered":"https:\/\/dpg-netz-bremen.de\/?p=15399"},"modified":"2025-09-21T18:10:03","modified_gmt":"2025-09-21T18:10:03","slug":"israel-ist-ein-pariastaat-videobericht-von-der-demo-am-20-09-2025","status":"publish","type":"post","link":"https:\/\/dpg-netz-bremen.de\/?p=15399","title":{"rendered":"&#8222;Israel ist ein Pariastaat&#8220; &#8211; Videobericht von der Demo am 20.09.2025"},"content":{"rendered":"<p style=\"float: left; margin: 0 15px 5px 0;\"><iframe loading=\"lazy\" title=\"YouTube video player\" src=\"https:\/\/www.youtube-nocookie.com\/embed\/sKmHKMM3Bl0?si=fOxvg7JRSYqqJsS3\" width=\"300\" height=\"169\" frameborder=\"0\" allowfullscreen=\"allowfullscreen\"><span style=\"display: inline-block; width: 0px; overflow: hidden; line-height: 0;\" data-mce-type=\"bookmark\" class=\"mce_SELRES_start\">\ufeff<\/span><span data-mce-type=\"bookmark\" style=\"display: inline-block; width: 0px; overflow: hidden; line-height: 0;\" class=\"mce_SELRES_start\"><\/span><\/iframe><\/p>\n<p>Berichtet wurde auf der Demo, dass Dr. Shahid Abuhamad, Chefarzt der Kardiologie der St. Elisabeth-Klinik in Salzgitter und mit pal\u00e4stinensischen Wurzeln, Deutschland verlassen werde. Die Gr\u00fcnde: die Haltung der deutschen Politik und der deutschen \u00d6ffentlichkeit angesichts des Genozids in Gaza w\u00e4ren f\u00fcr ihn unertr\u00e4glich geworden.<\/p>\n<p>Wieder waren ca. 400 Menschen dem Aufruf der Pal\u00e4stinensischen Gemeinde Bremen gefolgt und zogen in einem langen Demonstrationszug<!--more-->, unterbrochen von mehreren Redebeitr\u00e4gen, durch die Bremer Innenstadt. Die Reaktionen am Stra\u00dfenrand werden deutlich freundlicher, viele zeigen ihre Solidarit\u00e4t. Dass Israel vor den Augen der Welt einen entsetzlichen V\u00f6lkermord begeht, emp\u00f6rt immer mehr Menschen. Johannes Waehneldt von der Deutsch-Pal\u00e4stinensischen Gesellschaft, der die Hauptrede hielt, rief dazu auf, mit den Tabus in der deutschen \u00d6ffentlichkeit endlich zu brechen und Israel als das zu bezeichen, was es leider geworden ist: ein von der internationalen Gemeinschaft immer mehr verabscheuter Pariastaat. Die Rede zum Download hier: http:\/\/dpg-netz-bremen.de\/wp-content\/uploads\/2025\/09\/Rede-Johannes-Waehneldt-250920.pdf<br \/>\n<em>Video: Marlies und S\u00f6nke Hundt<\/em><\/p>\n","protected":false},"excerpt":{"rendered":"<p>\ufeff Berichtet wurde auf der Demo, dass Dr. Shahid Abuhamad, Chefarzt der Kardiologie der St. Elisabeth-Klinik in Salzgitter und mit pal\u00e4stinensischen Wurzeln, Deutschland verlassen werde. Die Gr\u00fcnde: die Haltung der deutschen Politik und der deutschen \u00d6ffentlichkeit angesichts des Genozids in &hellip; <a href=\"https:\/\/dpg-netz-bremen.de\/?p=15399\">Weiterlesen <span class=\"meta-nav\">&rarr;<\/span><\/a><\/p>\n","protected":false},"author":1,"featured_media":0,"comment_status":"closed","ping_status":"closed","sticky":false,"template":"","format":"standard","meta":{"ngg_post_thumbnail":0,"footnotes":""},"categories":[3,9],"tags":[],"class_list":["post-15399","post","type-post","status-publish","format-standard","hentry","category-allgemein","category-videos"],"_links":{"self":[{"href":"https:\/\/dpg-netz-bremen.de\/index.php?rest_route=\/wp\/v2\/posts\/15399","targetHints":{"allow":["GET"]}}],"collection":[{"href":"https:\/\/dpg-netz-bremen.de\/index.php?rest_route=\/wp\/v2\/posts"}],"about":[{"href":"https:\/\/dpg-netz-bremen.de\/index.php?rest_route=\/wp\/v2\/types\/post"}],"author":[{"embeddable":true,"href":"https:\/\/dpg-netz-bremen.de\/index.php?rest_route=\/wp\/v2\/users\/1"}],"replies":[{"embeddable":true,"href":"https:\/\/dpg-netz-bremen.de\/index.php?rest_route=%2Fwp%2Fv2%2Fcomments&post=15399"}],"version-history":[{"count":3,"href":"https:\/\/dpg-netz-bremen.de\/index.php?rest_route=\/wp\/v2\/posts\/15399\/revisions"}],"predecessor-version":[{"id":15402,"href":"https:\/\/dpg-netz-bremen.de\/index.php?rest_route=\/wp\/v2\/posts\/15399\/revisions\/15402"}],"wp:attachment":[{"href":"https:\/\/dpg-netz-bremen.de\/index.php?rest_route=%2Fwp%2Fv2%2Fmedia&parent=15399"}],"wp:term":[{"taxonomy":"category","embeddable":true,"href":"https:\/\/dpg-netz-bremen.de\/index.php?rest_route=%2Fwp%2Fv2%2Fcategories&post=15399"},{"taxonomy":"post_tag","embeddable":true,"href":"https:\/\/dpg-netz-bremen.de\/index.php?rest_route=%2Fwp%2Fv2%2Ftags&post=15399"}],"curies":[{"name":"wp","href":"https:\/\/api.w.org\/{rel}","templated":true}]}}