{"id":15700,"date":"2025-10-26T17:23:47","date_gmt":"2025-10-26T17:23:47","guid":{"rendered":"https:\/\/dpg-netz-bremen.de\/?p=15700"},"modified":"2025-10-29T10:23:36","modified_gmt":"2025-10-29T10:23:36","slug":"in-leichentuechern-auf-dem-domshof-free-gaza-free-palestine","status":"publish","type":"post","link":"https:\/\/dpg-netz-bremen.de\/?p=15700","title":{"rendered":"In Leichent\u00fcchern auf dem Domshof &#8211; Free Gaza! Free Palestine!"},"content":{"rendered":"<p style=\"float: left; margin: 0 15px 5px 0;\"><iframe loading=\"lazy\" title=\"YouTube video player\" src=\"https:\/\/www.youtube-nocookie.com\/embed\/zgxqmuXeKvw?si=NdTYlnYGt72sm1iR\" width=\"300\" height=\"169\" frameborder=\"0\" allowfullscreen=\"allowfullscreen\"><span style=\"display: inline-block; width: 0px; overflow: hidden; line-height: 0;\" data-mce-type=\"bookmark\" class=\"mce_SELRES_start\">\ufeff<\/span><span data-mce-type=\"bookmark\" style=\"display: inline-block; width: 0px; overflow: hidden; line-height: 0;\" class=\"mce_SELRES_start\"><\/span><\/iframe><\/p>\n<p>Es war die bisher gr\u00f6\u00dfte und eindrucksvollste Free-Gaza-Demonstration in Bremen. \u00dcber 2000 Menschen waren gekommen, auch aus vielen anderen norddeutschen St\u00e4dten, um an diesem die-in auf dem Domshof teilzunehmen. Die Frauen und M\u00e4nner des Orgateams der Pal\u00e4stinensischen Gemeinde Bremen und Umgebung hatten alles bestens organisiert und vorbereitet: es wurden riesige Plastikplanen ausgebreitet und wei\u00dfe Laken f\u00fcr alle, die kein eigenes mitgebracht hatten, verteilt. Das Sirenengeheul, die Stille und die Ansprache von Ebubekir Kilinc ber\u00fchrten alle zutiefst. Man sammelte sich, bei teilweise heftigem Regen, vor dem Hauptbahnhof. <!--more-->Der Demonstrationszug f\u00fchrte durch die Innenstadt zum Domshof, wo das die-in dann stattfand.<br \/>\nEs sprachen: Detlef Griesche (Deutsch-Pal\u00e4stinensische Gesellschaft) und<br \/>\nAhmad Omeirat (Ratsherr der Stadt Essen und Vorsitzender der W\u00e4hlergmeinschaft LICHT.<\/p>\n<p>Auf der Abschlusskundgebung auf dem Domshof hielt Samer Aslan (Vorsitzender der Pal\u00e4stinensischen Gemeinde Bremen und Umgebung e.V.) eine Rede auf arabisch. Hier die <a href=\"http:\/\/dpg-netz-bremen.de\/wp-content\/uploads\/2025\/10\/25-10-25-rede-samer-aslan.pdf\" target=\"_blank\" rel=\"noopener\">deutsche \u00dcbersetzung zum download.<\/a><br \/>\n<em>Video: Marlies und S\u00f6nke Hundt<\/em><\/p>\n","protected":false},"excerpt":{"rendered":"<p>\ufeff Es war die bisher gr\u00f6\u00dfte und eindrucksvollste Free-Gaza-Demonstration in Bremen. \u00dcber 2000 Menschen waren gekommen, auch aus vielen anderen norddeutschen St\u00e4dten, um an diesem die-in auf dem Domshof teilzunehmen. Die Frauen und M\u00e4nner des Orgateams der Pal\u00e4stinensischen Gemeinde Bremen &hellip; <a href=\"https:\/\/dpg-netz-bremen.de\/?p=15700\">Weiterlesen <span class=\"meta-nav\">&rarr;<\/span><\/a><\/p>\n","protected":false},"author":1,"featured_media":0,"comment_status":"closed","ping_status":"closed","sticky":false,"template":"","format":"standard","meta":{"ngg_post_thumbnail":0,"footnotes":""},"categories":[3,9],"tags":[],"class_list":["post-15700","post","type-post","status-publish","format-standard","hentry","category-allgemein","category-videos"],"_links":{"self":[{"href":"https:\/\/dpg-netz-bremen.de\/index.php?rest_route=\/wp\/v2\/posts\/15700","targetHints":{"allow":["GET"]}}],"collection":[{"href":"https:\/\/dpg-netz-bremen.de\/index.php?rest_route=\/wp\/v2\/posts"}],"about":[{"href":"https:\/\/dpg-netz-bremen.de\/index.php?rest_route=\/wp\/v2\/types\/post"}],"author":[{"embeddable":true,"href":"https:\/\/dpg-netz-bremen.de\/index.php?rest_route=\/wp\/v2\/users\/1"}],"replies":[{"embeddable":true,"href":"https:\/\/dpg-netz-bremen.de\/index.php?rest_route=%2Fwp%2Fv2%2Fcomments&post=15700"}],"version-history":[{"count":6,"href":"https:\/\/dpg-netz-bremen.de\/index.php?rest_route=\/wp\/v2\/posts\/15700\/revisions"}],"predecessor-version":[{"id":15708,"href":"https:\/\/dpg-netz-bremen.de\/index.php?rest_route=\/wp\/v2\/posts\/15700\/revisions\/15708"}],"wp:attachment":[{"href":"https:\/\/dpg-netz-bremen.de\/index.php?rest_route=%2Fwp%2Fv2%2Fmedia&parent=15700"}],"wp:term":[{"taxonomy":"category","embeddable":true,"href":"https:\/\/dpg-netz-bremen.de\/index.php?rest_route=%2Fwp%2Fv2%2Fcategories&post=15700"},{"taxonomy":"post_tag","embeddable":true,"href":"https:\/\/dpg-netz-bremen.de\/index.php?rest_route=%2Fwp%2Fv2%2Ftags&post=15700"}],"curies":[{"name":"wp","href":"https:\/\/api.w.org\/{rel}","templated":true}]}}