{"id":15763,"date":"2025-11-09T08:27:20","date_gmt":"2025-11-09T08:27:20","guid":{"rendered":"https:\/\/dpg-netz-bremen.de\/?p=15763"},"modified":"2025-11-09T08:47:02","modified_gmt":"2025-11-09T08:47:02","slug":"2-videos-mit-karin-leukefeld","status":"publish","type":"post","link":"https:\/\/dpg-netz-bremen.de\/?p=15763","title":{"rendered":"Karin Leukefeld: Seit mehr als 100 Jahren Krieg um Pal\u00e4stina"},"content":{"rendered":"<p style=\"float: left; margin: 0 15px 5px 0;\"><iframe loading=\"lazy\" title=\"YouTube video player\" src=\"https:\/\/www.youtube-nocookie.com\/embed\/cM3AIYsE0qA?si=AbWldqZMYwOeCsyc\" width=\"300\" height=\"169\" frameborder=\"0\" allowfullscreen=\"allowfullscreen\"><span style=\"display: inline-block; width: 0px; overflow: hidden; line-height: 0;\" data-mce-type=\"bookmark\" class=\"mce_SELRES_start\">\ufeff<\/span><span style=\"display: inline-block; width: 0px; overflow: hidden; line-height: 0;\" data-mce-type=\"bookmark\" class=\"mce_SELRES_start\">\ufeff<\/span><span data-mce-type=\"bookmark\" style=\"display: inline-block; width: 0px; overflow: hidden; line-height: 0;\" class=\"mce_SELRES_start\"><\/span><\/iframe><\/p>\n<p><span class=\"yt-core-attributed-string yt-core-attributed-string--white-space-pre-wrap\" dir=\"auto\"><span class=\"yt-core-attributed-string--link-inherit-color\" dir=\"auto\">&nbsp;<\/span><\/span>Karin Leukefeld ist freiberufliche Korrespondentin im Nahen und Mittleren Osten und berichtet seit mehr als 20 Jahren f\u00fcr deutschsprachige Medien in Deutschland, Luxemburg, Schweiz und \u00d6sterreich. Ihr Schwerpunkt ist es, \u00fcber \u201eDas Leben hinter den Schlagzeilen\u201c im geopolitischen Zusammenhang internationaler Konflikte zu berichten.&nbsp;<\/p>\n<p style=\"float: left; margin: 0 15px 5px 0;\"><iframe loading=\"lazy\" title=\"YouTube video player\" src=\"https:\/\/player.vimeo.com\/video\/1134832646?badge=0&amp;autopause=0&amp;player_id=0&amp;app_id=58479\" width=\"300\" height=\"169\" frameborder=\"0\" allowfullscreen=\"allowfullscreen\"><span style=\"display: inline-block; width: 0px; overflow: hidden; line-height: 0;\" data-mce-type=\"bookmark\" class=\"mce_SELRES_start\">\ufeff<\/span><span style=\"display: inline-block; width: 0px; overflow: hidden; line-height: 0;\" data-mce-type=\"bookmark\" class=\"mce_SELRES_start\">\ufeff<\/span><span style=\"display: inline-block; width: 0px; overflow: hidden; line-height: 0;\" data-mce-type=\"bookmark\" class=\"mce_SELRES_start\">\ufeff<\/span><span data-mce-type=\"bookmark\" style=\"display: inline-block; width: 0px; overflow: hidden; line-height: 0;\" class=\"mce_SELRES_start\"><\/span><\/iframe><\/p>\n<p>&nbsp;Die Missachtung des internationalen Rechts zeigt den auf Expansion zielenden Charakter des Staates Israel: Gro\u00df Israel ist das immer unverbl\u00fcmter genannte Ziel der Kriege, die Israel in Gaza, dem Westjordanland, in Libanon, Syrien, Irak, Jemen und Iran f\u00fchrt. <!--more--><span class=\"yt-core-attributed-string yt-core-attributed-string--white-space-pre-wrap\" dir=\"auto\"><span class=\"yt-core-attributed-string--link-inherit-color\" dir=\"auto\">Was bedeutet der V\u00f6lkermord an den Pal\u00e4stinensern? Welche Zukunft gibt es f\u00fcr die Region? Welche Rolle haben die Vereinten Nationen? Welche Interessen verfolgen deutsche Regierungen im Schulterschluss mit Israel? Was tun? Karin Leukefeld sprach am 4. November 2025 auf Einladung der Pal\u00e4stinensische Gemeinde Bremen und Umgebung und der Deutsch-Pal\u00e4stinensischen Gesellschaft in der Villa Sponte. <\/span><\/span><\/p>\n<ul>\n<li><span class=\"yt-core-attributed-string yt-core-attributed-string--white-space-pre-wrap\" dir=\"auto\"><span class=\"yt-core-attributed-string--link-inherit-color\" dir=\"auto\">Das erste Video (von Marlies und S\u00f6nke Hundt) dokumentiert den Vortrag von Karin Leukefeld in der Villa Sponte und ist bei <a href=\"https:\/\/weltnetz.tv\/\" target=\"_blank\" rel=\"noopener\">weltnetz.tv<\/a> er\u00f6ffentlicht.&nbsp;<\/span><\/span><\/li>\n<li>Das zweite erg\u00e4nzende Video ist die Aufzeichnung eines Interviews, das Barbara Heller vom <a href=\"https:\/\/bremerfriedensforum.de\/2025\/11\/08\/interview_karin_leukefeld_2025_bremen\/\" target=\"_blank\" rel=\"noopener\">Bremer Friedensforum<\/a> am n\u00e4chsten Morgen mit der Referentin gef\u00fchrt hat.<\/li>\n<\/ul>\n","protected":false},"excerpt":{"rendered":"<p>\ufeff\ufeff &nbsp;Karin Leukefeld ist freiberufliche Korrespondentin im Nahen und Mittleren Osten und berichtet seit mehr als 20 Jahren f\u00fcr deutschsprachige Medien in Deutschland, Luxemburg, Schweiz und \u00d6sterreich. Ihr Schwerpunkt ist es, \u00fcber \u201eDas Leben hinter den Schlagzeilen\u201c im geopolitischen Zusammenhang &hellip; <a href=\"https:\/\/dpg-netz-bremen.de\/?p=15763\">Weiterlesen <span class=\"meta-nav\">&rarr;<\/span><\/a><\/p>\n","protected":false},"author":1,"featured_media":0,"comment_status":"closed","ping_status":"closed","sticky":false,"template":"","format":"standard","meta":{"ngg_post_thumbnail":0,"footnotes":""},"categories":[3,9],"tags":[],"class_list":["post-15763","post","type-post","status-publish","format-standard","hentry","category-allgemein","category-videos"],"_links":{"self":[{"href":"https:\/\/dpg-netz-bremen.de\/index.php?rest_route=\/wp\/v2\/posts\/15763","targetHints":{"allow":["GET"]}}],"collection":[{"href":"https:\/\/dpg-netz-bremen.de\/index.php?rest_route=\/wp\/v2\/posts"}],"about":[{"href":"https:\/\/dpg-netz-bremen.de\/index.php?rest_route=\/wp\/v2\/types\/post"}],"author":[{"embeddable":true,"href":"https:\/\/dpg-netz-bremen.de\/index.php?rest_route=\/wp\/v2\/users\/1"}],"replies":[{"embeddable":true,"href":"https:\/\/dpg-netz-bremen.de\/index.php?rest_route=%2Fwp%2Fv2%2Fcomments&post=15763"}],"version-history":[{"count":10,"href":"https:\/\/dpg-netz-bremen.de\/index.php?rest_route=\/wp\/v2\/posts\/15763\/revisions"}],"predecessor-version":[{"id":15773,"href":"https:\/\/dpg-netz-bremen.de\/index.php?rest_route=\/wp\/v2\/posts\/15763\/revisions\/15773"}],"wp:attachment":[{"href":"https:\/\/dpg-netz-bremen.de\/index.php?rest_route=%2Fwp%2Fv2%2Fmedia&parent=15763"}],"wp:term":[{"taxonomy":"category","embeddable":true,"href":"https:\/\/dpg-netz-bremen.de\/index.php?rest_route=%2Fwp%2Fv2%2Fcategories&post=15763"},{"taxonomy":"post_tag","embeddable":true,"href":"https:\/\/dpg-netz-bremen.de\/index.php?rest_route=%2Fwp%2Fv2%2Ftags&post=15763"}],"curies":[{"name":"wp","href":"https:\/\/api.w.org\/{rel}","templated":true}]}}