{"id":15774,"date":"2025-11-11T07:26:46","date_gmt":"2025-11-11T07:26:46","guid":{"rendered":"https:\/\/dpg-netz-bremen.de\/?p=15774"},"modified":"2025-11-11T07:28:30","modified_gmt":"2025-11-11T07:28:30","slug":"petition-fuer-gaza-an-die-bremische-buergerschaft","status":"publish","type":"post","link":"https:\/\/dpg-netz-bremen.de\/?p=15774","title":{"rendered":"Petition f\u00fcr Gaza an die Bremische B\u00fcrgerschaft"},"content":{"rendered":"<p><a href=\"http:\/\/dpg-netz-bremen.de\/wp-content\/uploads\/2025\/11\/25-11-11-petition-gaza-1.jpg\"><img loading=\"lazy\" decoding=\"async\" class=\"alignleft wp-image-15775\" src=\"http:\/\/dpg-netz-bremen.de\/wp-content\/uploads\/2025\/11\/25-11-11-petition-gaza-1-169x300.jpg\" alt=\"\" width=\"129\" height=\"222\"><\/a>Der Muslimische Hochschulbund Bremen (MHB) gemeinsam mit Muslim Empowerment Bremen (MEB) hat in der B\u00fcrgerschaft Bremen eine Petition eingereicht und fordert alle auf, diese zu unterschreiben. Die Petition ist offiziell auf der Webseite der Bremer B\u00fcrgerschaft ver\u00f6ffentlicht und zur Mitzeichnung freigegeben. <a href=\"https:\/\/petition.bremische-buergerschaft.de\/index.php?n=petitionmitzeichnen&amp;s=1&amp;c=date_public&amp;d=DESC&amp;b=0&amp;l=10&amp;searchstring=&amp;pID=7016\" target=\"_blank\" rel=\"noopener\">Hier zur Petition<\/a>.<br \/>\nAlle werden herzlich eingeladen, diese Initiative zu unterst\u00fctzen und in Ihren jeweiligen Bereichen f\u00fcr Aufmerksamkeit und Beteiligung zu sorgen. &#8222;Zus\u00e4tzlich m\u00f6chten wir Sie ausdr\u00fccklich zu einem gemeinsamen \u00f6ffentlichen Aktionstag am 29.11. einladen.<br \/>\nAn diesem Tag werden wir gemeinsam mit Unterst\u00fctzer*innen in Bremen Plakate anbringen, Flyer verteilen und sichtbar auf die Petition aufmerksam machen. Jede Form der Teilnahme ist willkommen, ob durch pers\u00f6nliche Anwesenheit, Unterst\u00fctzung beim Verteilen von Flyern, Druck Ressourcen oder das Auslegen von Informationsmaterialien in Ihren R\u00e4umen.&#8220; Mehr Infos auf dem <a href=\"https:\/\/www.instagram.com\/stories\/pgb.ev\/3763027730091892659\/\" target=\"_blank\" rel=\"noopener\">Instagram-Kanal der PGB<\/a><\/p>\n","protected":false},"excerpt":{"rendered":"<p>Der Muslimische Hochschulbund Bremen (MHB) gemeinsam mit Muslim Empowerment Bremen (MEB) hat in der B\u00fcrgerschaft Bremen eine Petition eingereicht und fordert alle auf, diese zu unterschreiben. Die Petition ist offiziell auf der Webseite der Bremer B\u00fcrgerschaft ver\u00f6ffentlicht und zur Mitzeichnung &hellip; <a href=\"https:\/\/dpg-netz-bremen.de\/?p=15774\">Weiterlesen <span class=\"meta-nav\">&rarr;<\/span><\/a><\/p>\n","protected":false},"author":1,"featured_media":0,"comment_status":"closed","ping_status":"closed","sticky":false,"template":"","format":"standard","meta":{"ngg_post_thumbnail":0,"footnotes":""},"categories":[3],"tags":[],"class_list":["post-15774","post","type-post","status-publish","format-standard","hentry","category-allgemein"],"_links":{"self":[{"href":"https:\/\/dpg-netz-bremen.de\/index.php?rest_route=\/wp\/v2\/posts\/15774","targetHints":{"allow":["GET"]}}],"collection":[{"href":"https:\/\/dpg-netz-bremen.de\/index.php?rest_route=\/wp\/v2\/posts"}],"about":[{"href":"https:\/\/dpg-netz-bremen.de\/index.php?rest_route=\/wp\/v2\/types\/post"}],"author":[{"embeddable":true,"href":"https:\/\/dpg-netz-bremen.de\/index.php?rest_route=\/wp\/v2\/users\/1"}],"replies":[{"embeddable":true,"href":"https:\/\/dpg-netz-bremen.de\/index.php?rest_route=%2Fwp%2Fv2%2Fcomments&post=15774"}],"version-history":[{"count":5,"href":"https:\/\/dpg-netz-bremen.de\/index.php?rest_route=\/wp\/v2\/posts\/15774\/revisions"}],"predecessor-version":[{"id":15781,"href":"https:\/\/dpg-netz-bremen.de\/index.php?rest_route=\/wp\/v2\/posts\/15774\/revisions\/15781"}],"wp:attachment":[{"href":"https:\/\/dpg-netz-bremen.de\/index.php?rest_route=%2Fwp%2Fv2%2Fmedia&parent=15774"}],"wp:term":[{"taxonomy":"category","embeddable":true,"href":"https:\/\/dpg-netz-bremen.de\/index.php?rest_route=%2Fwp%2Fv2%2Fcategories&post=15774"},{"taxonomy":"post_tag","embeddable":true,"href":"https:\/\/dpg-netz-bremen.de\/index.php?rest_route=%2Fwp%2Fv2%2Ftags&post=15774"}],"curies":[{"name":"wp","href":"https:\/\/api.w.org\/{rel}","templated":true}]}}