{"id":15823,"date":"2025-11-22T08:22:49","date_gmt":"2025-11-22T08:22:49","guid":{"rendered":"https:\/\/dpg-netz-bremen.de\/?p=15823"},"modified":"2025-11-28T14:51:47","modified_gmt":"2025-11-28T14:51:47","slug":"kairos-palaestina-die-palaestinensisch-christliche-initiative","status":"publish","type":"post","link":"https:\/\/dpg-netz-bremen.de\/?p=15823","title":{"rendered":"Kairos Pal\u00e4stina &#8211; Die pal\u00e4stinensisch-christliche Initiative"},"content":{"rendered":"<p><em><a href=\"http:\/\/dpg-netz-bremen.de\/wp-content\/uploads\/2025\/11\/25-11-22-Kairos-Palaestina-Die-palaestinensisch-christliche-Initiative-de-14.11.2025.pdf\" target=\"_blank\" rel=\"noopener\"><img loading=\"lazy\" decoding=\"async\" class=\"alignleft wp-image-15825 size-medium\" src=\"http:\/\/dpg-netz-bremen.de\/wp-content\/uploads\/2025\/11\/25-11-22-kairos-dokument-300x184.jpg\" alt=\"\" width=\"300\" height=\"184\" srcset=\"https:\/\/dpg-netz-bremen.de\/wp-content\/uploads\/2025\/11\/25-11-22-kairos-dokument-300x184.jpg 300w, https:\/\/dpg-netz-bremen.de\/wp-content\/uploads\/2025\/11\/25-11-22-kairos-dokument-1024x628.jpg 1024w, https:\/\/dpg-netz-bremen.de\/wp-content\/uploads\/2025\/11\/25-11-22-kairos-dokument-768x471.jpg 768w, https:\/\/dpg-netz-bremen.de\/wp-content\/uploads\/2025\/11\/25-11-22-kairos-dokument-489x300.jpg 489w, https:\/\/dpg-netz-bremen.de\/wp-content\/uploads\/2025\/11\/25-11-22-kairos-dokument.jpg 1263w\" sizes=\"auto, (max-width: 300px) 100vw, 300px\" \/><\/a>\u00dcber die DPG-Bund erreichte uns ein au\u00dfergew\u00f6hnlich wichtiges und lesenswertes Dokument: das <a href=\"http:\/\/dpg-netz-bremen.de\/wp-content\/uploads\/2025\/11\/25-11-22-Kairos-Palaestina-Die-palaestinensisch-christliche-Initiative-de-14.11.2025.pdf\" target=\"_blank\" rel=\"noopener\"><strong>Kairos Pal\u00e4stina Dokument 2.0<\/strong><\/a>, das auf das erste von 2009 folgt.<\/em><\/p>\n<p>Kairos Pal\u00e4stina ist die gr\u00f6\u00dfte pal\u00e4stinensisch-christliche \u00f6kumenische gewaltfreie Bewegung. Sie basiert auf dem 2009 ver\u00f6ffentlichten Dokument \u201eKairos Palestine: A Moment of Truth\u201d (Kairos Pal\u00e4stina: Ein Moment der Wahrheit), in dem bekr\u00e4ftigt wird, dass die pal\u00e4stinensischen Christen ein wesentlicher Bestandteil der pal\u00e4stinensischen Nation sind,<!--more--> und in dem zu Frieden aufgerufen wird, um all das Leid im Heiligen Land zu beenden, indem man sich f\u00fcr Gerechtigkeit, Hoffnung und Liebe einsetzt, die von der christlichen Gemeinschaft geteilt werden. Das Dokument wurde von allen historisch anerkannten pal\u00e4stinensischen christlichen Organisationen unterzeichnet und von den Oberh\u00e4uptern der Kirchen in Jerusalem gebilligt.<\/p>\n<hr>\n<h1>Kairos Pal\u00e4stina \u2013 Die pal\u00e4stinensisch-christliche Initiative<br \/>\nDie Stunde der Wahrheit: Glaube in Zeiten des V\u00f6lkermords<\/h1>\n<p>Wir blicken auf den Tag, an dem wir frei in unserem Land leben werden, zusammen mit allen Bewohnern der Erde, in wahrem Frieden und Vers\u00f6hnung \u2013 gegr\u00fcndet auf Gerechtigkeit und Gleichheit f\u00fcr alle Gesch\u00f6pfe Gottes, wo \u201eGnade und Wahrheit sich begegnen und Gerechtigkeit und Friede sich k\u00fcssen\u201c (Psalm 85,10).<\/p>\n<h1>14.11.2025<br \/>\nEinleitung<\/h1>\n<p>\u00a71<br \/>\nWir, die pal\u00e4stinensisch-christliche \u00f6kumenische Initiative, haben 2009 das Kairos-Pal\u00e4stina-Dokument ver\u00f6ffentlicht \u2013 \u201eEin Wort des Glaubens, der Hoffnung und der Liebe aus dem Herzen des pal\u00e4stinensischen Leidens\u201c. Die Oberh\u00e4upter der Kirchen in Jerusalem h\u00f6rten diesen Ruf, begr\u00fc\u00dften ihn und boten ihre Unterst\u00fctzung an. Ebenso fand das Dokument sowohl lokal als auch international gro\u00dfe Resonanz. Damals wie heute versammelten wir uns \u2013 Frauen und M\u00e4nner, Geistliche und Laien \u2013 aus den verschiedenen Kirchenfamilien Pal\u00e4stinas. Nach Gebet und Besinnung \u00fcber das Leiden unseres Volkes unter der Besatzung ver\u00f6ffentlichten wir diesen Schrei der Hoffnung in einer Zeit der Hoffnungslosigkeit und bekr\u00e4ftigten unseren Glauben an Gott und unsere Liebe zu unserem Heimatland, \u00fcberzeugt davon, dass es in unserem Kampf letztlich um menschliches Leben und W\u00fcrde geht.<\/p>\n<p>\u00a72<br \/>\nWir leben heute in einer Zeit des V\u00f6lkermords, der ethnischen S\u00e4uberung und der Zwangsumsiedlung, die sich vor den Augen der Welt abspielen. Diese Stunde verlangt von uns eine neue Haltung, eine Haltung, die sich von allen bisherigen unterscheidet. Es ist sowohl ein entscheidender Moment als auch ein Moment der Wahrheit. Heute erneuern wir unsere Haltung f\u00fcr die Wahrheit und unser Bekenntnis zu grundlegenden religi\u00f6sen, theologischen und moralischen Prinzipien. Wir betrachten unsere Realit\u00e4t und beziehen erneut Stellung, indem wir auf die Stimme des Heiligen Geistes in unserem Innersten h\u00f6ren und dem Ruf des Glaubens in dieser Zeit des V\u00f6lkermords folgen. Wir erneuern unsere Botschaft des Glaubens, der Hoffnung und der Liebe \u2013 und bieten eine vom Glauben inspirierte Vision f\u00fcr die Zeit nach dem V\u00f6lkermord.<\/p>\n<h1>Teil I Die Realit\u00e4t: V\u00f6lkermord, Kolonialisierung und ethnische S\u00e4uberungen<\/h1>\n<p>1.1<br \/>\nWir erheben diese Stimme aus dem Herzen des Angriffs auf Gaza \u2013 einem Krieg, der Hunderttausende von M\u00e4rtyrern und Verwundeten und fast zwei Millionen Vertriebene hinterlassen hat. Viele wurden unter den Tr\u00fcmmern begraben, lebendig verbrannt, in Gef\u00e4ngnissen zu Tode gefoltert oder mehr als einmal gewaltsam vertrieben. Andere litten Hunger und wurden sogar auf der Suche nach Nahrung gezielt angegriffen. Zehntausende Kinder wurden auf grausamste Weise get\u00f6tet. Die Bereiche Gesundheit, Bildung, Wirtschaft und Umwelt in Gaza \u2013 ja, eigentlich alle Bereiche des Lebens \u2013 wurden zerst\u00f6rt. Es wird Jahre dauern, bis wir uns von der Verw\u00fcstung und Katastrophe erholt haben, die \u00fcber uns als Volk hereingebrochen ist.<\/p>\n<p>1.2<br \/>\nMenschenrechtsorganisationen, juristische Institutionen und internationale Experten sind sich einig: Die \u00c4u\u00dferungen israelischer Politiker und die Handlungen Israels bei seinem Angriff auf Gaza stellen einen V\u00f6lkermord dar. Viele der Kriegsverbrechen und Verbrechen gegen die Menschlichkeit wurden dokumentiert, und auf der Grundlage von Urteilen des Internationalen Gerichtshofs wurden Haftbefehle gegen israelische Politiker erlassen.<\/p>\n<p>1.3<br \/>\nSie wollen nicht, dass wir auf unserem Land bleiben, sondern sind dazu bestimmt, vertrieben, get\u00f6tet oder unterworfen zu werden. Der V\u00f6lkermordkrieg gegen Gaza ist die Fortsetzung des zionistischen Projekts, ganz Pal\u00e4stina zu erobern und es von seiner pal\u00e4stinensischen Bev\u00f6lkerung zu s\u00e4ubern. Ethnische S\u00e4uberungen und die Verweigerung des R\u00fcckkehrrechts f\u00fcr diejenigen, die gewaltsam vertrieben wurden, sind g\u00e4ngige Politik in Jerusalem, im Westjordanland, im Gazastreifen und in den Gebieten von 1948. Die Nakba unseres Volkes ist unsere t\u00e4gliche Realit\u00e4t. Dieser V\u00f6lkermord wird von Israel nach Jahrzehnten der Apartheid2, des Siedlerkolonialismus, politischer Unterdr\u00fcckung und der bewussten Politik, jede M\u00f6glichkeit einer politischen L\u00f6sung \u2013 einschlie\u00dflich der Zwei-Staaten-L\u00f6sung \u2013 zu zerst\u00f6ren. Heute zeigt sich das wahre Gesicht der zionistischen Ideologie: ein System, das \u00fcber Jahrzehnte hinweg ein organisiertes und ausgekl\u00fcgeltes Apartheidregime etabliert hat, das sich auf fortschrittliche Technologien st\u00fctzt und die totale Kontrolle \u00fcber jeden Aspekt des pal\u00e4stinensischen Lebens aus\u00fcbt \u2013 indem es das Land fragmentiert, sein Volk spaltet und das Leben der Pal\u00e4stinenser zu einer unertr\u00e4glichen H\u00f6lle macht. Das 2018 verabschiedete sogenannte Nationalstaatsgesetz Israels verk\u00f6rpert den zionistischen Rassismus und die arrogante j\u00fcdische Vorherrschaft in Pal\u00e4stina und macht die Apartheid zu einer gelebten Realit\u00e4t. Die Entscheidung Israels, das Westjordanland zu annektieren, hat die wahren Absichten dieses Kolonialprojekts weiter offenbart.<br \/>\n1 <a href=\"https:\/\/www.ohchr.org\/en\/press-releases\/2025\/09\/israel-has-committed-genocide-gaza-strip-un-commission-finds\" target=\"_blank\" rel=\"noopener\">https:\/\/www.ohchr.org\/en\/press-releases\/2025\/09\/israel-has-committed-genocide-gaza-strip-un-commission-finds<\/a><br \/>\n2 <a href=\"https:\/\/www.hrw.org\/news\/2024\/09\/19\/world-court-findings-israeli-apartheid-wake-call\" target=\"_blank\" rel=\"noopener\">https:\/\/www.hrw.org\/news\/2024\/09\/19\/world-court-findings-israeli-apartheid-wake-call<\/a><\/p>\n<p>1.4<br \/>\nW\u00e4hrend die V\u00f6lker der Welt sich solidarisch mit uns gezeigt haben, hat der V\u00f6lkermordkrieg die Heuchelei der westlichen Welt, ihre hohlen Werte und die Zivilisation, mit der sie sich br\u00fcstet, blo\u00dfgestellt, indem sie sich zu Menschenrechten und internationalem Recht bekennt. In Wahrheit hat die westliche Welt uns geopfert und damit Rassismus und Doppelmoral gegen\u00fcber unserem Volk offenbart. Nat\u00fcrlich unterscheiden wir zwischen den Architekten dieser destruktiven Politik und den vielen F\u00fchrern, Organisationen und Volksbewegungen, die sich aufrichtig solidarisch mit den Pal\u00e4stinensern in Gaza gezeigt haben und ein Ende der Ungerechtigkeit und des Blutvergie\u00dfens sowie die vollst\u00e4ndige Anerkennung unserer legitimen Rechte fordern.<\/p>\n<p>1.5<br \/>\nDieser Krieg hat auch eine weitere Realit\u00e4t des Zionismus \u2013 ob j\u00fcdisch oder christlich \u2013 offenbart, n\u00e4mlich seine Rechtfertigung von Gewalt und T\u00f6tung. Wir pal\u00e4stinensischen Christen sind zutiefst schockiert \u00fcber die Haltung vieler Kirchen, die entweder die Darstellung der Kolonialherren \u00fcbernommen haben oder angesichts des V\u00f6lkermords an unserem Volk schweigen. Manchmal stellen sie den interreligi\u00f6sen Dialog zwischen Juden und Christen \u00fcber die Wahrheit, die Menschenw\u00fcrde und das Leben selbst, ohne den Kontext zu ber\u00fccksichtigen. Sie verurteilen die eine Seite und entschuldigen die andere \u2013 oder sie schweigen einfach. Einige gehen sogar so weit, dass sie Positionen einnehmen, die den V\u00f6lkermord guthei\u00dfen, unterst\u00fctzen oder fordern.<\/p>\n<p>1.6<br \/>\nIsrael begeht diese Verbrechen unter Berufung auf die Ereignisse vom 7. Oktober 2023 und behauptet, seine Handlungen seien ein Akt der Selbstverteidigung \u2013 dabei vergisst es, dass der Angriff der Hamas an diesem Tag selbst das Ergebnis jahrzehntelanger Ungerechtigkeit, Unterdr\u00fcckung und Vertreibung seit der Nakba von 1948 und mehr als sechzehn Jahren unmoralischer, erstickender Blockade des Gazastreifens war. Auf diesen Kontext hinzuweisen \u2013 und auf das Recht eines unter Besatzung stehenden Volkes, sich gegen seinen Besatzer und Unterdr\u00fccker zu wehren \u2013 bedeutet anzuerkennen, dass die Ereignisse vom 7. Oktober in einem bestimmten Kontext stattfanden. Die Erw\u00e4hnung des Kontextes rechtfertigt nicht die T\u00f6tung oder Gefangennahme von Zivilisten, die Verst\u00f6\u00dfe gegen internationales Recht und Normen oder Kriegsverbrechen. Gleichzeitig ist die Behauptung der \u201eSelbstverteidigung\u201d nicht haltbar. Wie kann sich ein Kolonisator gegen diejenigen verteidigen, die er kolonialisiert und aus ihrem Land vertrieben hat? Das V\u00f6lkerrecht \u2013 sofern es noch moralisches Gewicht hat \u2013 widerlegt diese Behauptung3<\/p>\n<p>1.7<br \/>\nDer Siedlerkolonialismus in Vergangenheit und Gegenwart basiert auf V\u00f6lkermord, ethnischer S\u00e4uberung und der Zwangsumsiedlung indigener V\u00f6lker \u2013 alles zum Zwecke der Ausbeutung von Land, Ressourcen und Reicht\u00fcmern zum Vorteil der Kolonialherren. Hinter Israels V\u00f6lkermordkrieg gegen Gaza stehen tiefgreifende wirtschaftliche Dimensionen \u2013 insbesondere sein Interesse an den Erdgasfeldern vor der pal\u00e4stinensischen K\u00fcste. Die Kontrolle \u00fcber Gaza bedeutet auch die Kontrolle \u00fcber eine der wichtigsten Handelsrouten und Energieversorgungskorridore der Welt, was umfangreiche Wirtschafts- und Handelsprojekte erm\u00f6glicht, die die koloniale wirtschaftliche Vorherrschaft auf Kosten des pal\u00e4stinensischen Volkes festigen. Das<br \/>\n3 <a href=\"https:\/\/docs.un.org\/en\/A\/RES\/37\/43\" target=\"_blank\" rel=\"noopener\">https:\/\/docs.un.org\/en\/A\/RES\/37\/43<\/a><br \/>\nSchweigen der Welt gegen\u00fcber dem V\u00f6lkermord in Gaza ist nicht unschuldig. Es ist verbunden mit massiven wirtschaftlichen Interessen, die Profit \u00fcber Menschenleben und Menschenrechte stellen.<\/p>\n<p>1.8<br \/>\nIn Jerusalem versucht man mit einer klaren Siedlerkolonialpolitik religi\u00f6ser und demografischer Natur, die Stadt auf Kosten ihres Pluralismus zu judaisieren. Es kommt st\u00e4ndig zu Angriffen auf muslimische und christliche Heiligt\u00fcmer, zu Versuchen, Kirchen in Brand zu setzen, Friedh\u00f6fe zu sch\u00e4nden und zu zerst\u00f6ren und sie mit rassistischen Graffiti-Slogans zu beschmieren. Die Angriffe auf christliche Geistliche nehmen zu, ebenso wie die Einschr\u00e4nkungen christlicher religi\u00f6ser Feste wie dem Heiligen Feuer- Samstag und dem Palmsonntag. Auch die finanzielle N\u00f6tigung durch die Erhebung von Steuern und das Einfrieren von Bankkonten der Kirche \u2013 unter Verletzung des \u201eStatus quo\u201c \u2013 hat zugenommen. Die Oberh\u00e4upter der Kirchen in Jerusalem haben diese Handlungen als Teil einer systematischen Politik beschrieben, die darauf abzielt, das Heilige Land seiner Christen zu entleeren.<\/p>\n<p>[&#8230;]<\/p>\n<p><a href=\"http:\/\/dpg-netz-bremen.de\/wp-content\/uploads\/2025\/11\/25-11-22-Kairos-Palaestina-Die-palaestinensisch-christliche-Initiative-de-14.11.2025.pdf\" target=\"_blank\" rel=\"noopener\">Das gesamte Dokument zu download hier<\/a><\/p>\n","protected":false},"excerpt":{"rendered":"<p>\u00dcber die DPG-Bund erreichte uns ein au\u00dfergew\u00f6hnlich wichtiges und lesenswertes Dokument: das Kairos Pal\u00e4stina Dokument 2.0, das auf das erste von 2009 folgt. Kairos Pal\u00e4stina ist die gr\u00f6\u00dfte pal\u00e4stinensisch-christliche \u00f6kumenische gewaltfreie Bewegung. Sie basiert auf dem 2009 ver\u00f6ffentlichten Dokument \u201eKairos &hellip; <a href=\"https:\/\/dpg-netz-bremen.de\/?p=15823\">Weiterlesen <span class=\"meta-nav\">&rarr;<\/span><\/a><\/p>\n","protected":false},"author":1,"featured_media":0,"comment_status":"closed","ping_status":"closed","sticky":false,"template":"","format":"standard","meta":{"ngg_post_thumbnail":0,"footnotes":""},"categories":[3],"tags":[],"class_list":["post-15823","post","type-post","status-publish","format-standard","hentry","category-allgemein"],"_links":{"self":[{"href":"https:\/\/dpg-netz-bremen.de\/index.php?rest_route=\/wp\/v2\/posts\/15823","targetHints":{"allow":["GET"]}}],"collection":[{"href":"https:\/\/dpg-netz-bremen.de\/index.php?rest_route=\/wp\/v2\/posts"}],"about":[{"href":"https:\/\/dpg-netz-bremen.de\/index.php?rest_route=\/wp\/v2\/types\/post"}],"author":[{"embeddable":true,"href":"https:\/\/dpg-netz-bremen.de\/index.php?rest_route=\/wp\/v2\/users\/1"}],"replies":[{"embeddable":true,"href":"https:\/\/dpg-netz-bremen.de\/index.php?rest_route=%2Fwp%2Fv2%2Fcomments&post=15823"}],"version-history":[{"count":6,"href":"https:\/\/dpg-netz-bremen.de\/index.php?rest_route=\/wp\/v2\/posts\/15823\/revisions"}],"predecessor-version":[{"id":15861,"href":"https:\/\/dpg-netz-bremen.de\/index.php?rest_route=\/wp\/v2\/posts\/15823\/revisions\/15861"}],"wp:attachment":[{"href":"https:\/\/dpg-netz-bremen.de\/index.php?rest_route=%2Fwp%2Fv2%2Fmedia&parent=15823"}],"wp:term":[{"taxonomy":"category","embeddable":true,"href":"https:\/\/dpg-netz-bremen.de\/index.php?rest_route=%2Fwp%2Fv2%2Fcategories&post=15823"},{"taxonomy":"post_tag","embeddable":true,"href":"https:\/\/dpg-netz-bremen.de\/index.php?rest_route=%2Fwp%2Fv2%2Ftags&post=15823"}],"curies":[{"name":"wp","href":"https:\/\/api.w.org\/{rel}","templated":true}]}}