{"id":16051,"date":"2026-01-08T14:40:47","date_gmt":"2026-01-08T14:40:47","guid":{"rendered":"https:\/\/dpg-netz-bremen.de\/?p=16051"},"modified":"2026-01-08T14:40:47","modified_gmt":"2026-01-08T14:40:47","slug":"vertriebene-familien-in-gaza-kaempfen-in-ueberfluteten-zelten-gegen-winterstuerme","status":"publish","type":"post","link":"https:\/\/dpg-netz-bremen.de\/?p=16051","title":{"rendered":"Vertriebene Familien in Gaza k\u00e4mpfen in \u00fcberfluteten Zelten gegen Winterst\u00fcrme"},"content":{"rendered":"<p style=\"float: left; margin: 0 15px 5px 0;\"><iframe loading=\"lazy\" title=\"YouTube video player\" src=\"https:\/\/www.youtube-nocookie.com\/embed\/2Q2LcBFwrO0?si=vMp9KYUxUIutknbj\" width=\"300\" height=\"169\" frameborder=\"0\" allowfullscreen=\"allowfullscreen\"><span style=\"display: inline-block; width: 0px; overflow: hidden; line-height: 0;\" data-mce-type=\"bookmark\" class=\"mce_SELRES_start\">\ufeff<\/span><span data-mce-type=\"bookmark\" style=\"display: inline-block; width: 0px; overflow: hidden; line-height: 0;\" class=\"mce_SELRES_start\"><\/span><\/iframe><\/p>\n<p><strong>Vertriebene Familien in Gaza k\u00e4mpfen in \u00fcberfluteten Zelten gegen Winterst\u00fcrme<\/strong><br \/>\nGaza\u2019s displaced families face winter storms in flooded tents<br \/>\n[Starke Regenf\u00e4lle und heftige Winde haben den Gazastreifen heimgesucht und die Zelte, in denen vertriebene pal\u00e4stinensische Familien untergebracht sind, \u00fcberflutet und zerst\u00f6rt, w\u00e4hrend sich die winterlichen Bedingungen verschlechtern.<!--more--> Die Familien, die in provisorischen Zelten leben, verbringen ihre N\u00e4chte wach, w\u00e4hrend Wasser durch die Stoffw\u00e4nde sickert und sich unter ihnen auf dem Boden sammelt. Die Eltern schauen immer wieder nach ihren Kindern, aus Angst, dass das Hochwasser bis zu ihren Schlafpl\u00e4tzen vordringen k\u00f6nnte. Da Matratzen, Decken und trockene Kleidung knapp sind, sind viele gezwungen, direkt auf dem kalten, nassen Boden zu schlafen. Allein Mitte Dezember wurden mehr als 42.000 Zelte und provisorische Unterk\u00fcnfte besch\u00e4digt, wodurch fast eine Viertelmillion Menschen betroffen waren. Seit Beginn des Winters sind mehrere Kinder an der K\u00e4lte gestorben, darunter der zwei Monate alte Arkan Firas Musleh. Andere kamen ums Leben, als w\u00e4hrend St\u00fcrmen schwache Konstruktionen einst\u00fcrzten. Da sie nur begrenzten Zugang zu Baumaterialien und Grundversorgungsg\u00fctern haben, sagen die vertriebenen Familien, dass sie dem Winter mit wenig Schutz vor K\u00e4lte, Regen oder Wind entgegensehen und darum k\u00e4mpfen, Bedingungen zu ertragen, die ihnen W\u00e4rme und Sicherheit nehmen. \u00dcbersetz. d. Videobeschreibung CG]<br \/>\nQuelle: <a href=\"https:\/\/www.youtube.com\/watch?v=2Q2LcBFwrO0\">Middle East Eye (3,45 Mio. Abonnenten), 02.01.2026<\/a><\/p>\n","protected":false},"excerpt":{"rendered":"<p>\ufeff Vertriebene Familien in Gaza k\u00e4mpfen in \u00fcberfluteten Zelten gegen Winterst\u00fcrme Gaza\u2019s displaced families face winter storms in flooded tents [Starke Regenf\u00e4lle und heftige Winde haben den Gazastreifen heimgesucht und die Zelte, in denen vertriebene pal\u00e4stinensische Familien untergebracht sind, \u00fcberflutet &hellip; <a href=\"https:\/\/dpg-netz-bremen.de\/?p=16051\">Weiterlesen <span class=\"meta-nav\">&rarr;<\/span><\/a><\/p>\n","protected":false},"author":1,"featured_media":0,"comment_status":"closed","ping_status":"closed","sticky":false,"template":"","format":"standard","meta":{"ngg_post_thumbnail":0,"footnotes":""},"categories":[3],"tags":[],"class_list":["post-16051","post","type-post","status-publish","format-standard","hentry","category-allgemein"],"_links":{"self":[{"href":"https:\/\/dpg-netz-bremen.de\/index.php?rest_route=\/wp\/v2\/posts\/16051","targetHints":{"allow":["GET"]}}],"collection":[{"href":"https:\/\/dpg-netz-bremen.de\/index.php?rest_route=\/wp\/v2\/posts"}],"about":[{"href":"https:\/\/dpg-netz-bremen.de\/index.php?rest_route=\/wp\/v2\/types\/post"}],"author":[{"embeddable":true,"href":"https:\/\/dpg-netz-bremen.de\/index.php?rest_route=\/wp\/v2\/users\/1"}],"replies":[{"embeddable":true,"href":"https:\/\/dpg-netz-bremen.de\/index.php?rest_route=%2Fwp%2Fv2%2Fcomments&post=16051"}],"version-history":[{"count":3,"href":"https:\/\/dpg-netz-bremen.de\/index.php?rest_route=\/wp\/v2\/posts\/16051\/revisions"}],"predecessor-version":[{"id":16054,"href":"https:\/\/dpg-netz-bremen.de\/index.php?rest_route=\/wp\/v2\/posts\/16051\/revisions\/16054"}],"wp:attachment":[{"href":"https:\/\/dpg-netz-bremen.de\/index.php?rest_route=%2Fwp%2Fv2%2Fmedia&parent=16051"}],"wp:term":[{"taxonomy":"category","embeddable":true,"href":"https:\/\/dpg-netz-bremen.de\/index.php?rest_route=%2Fwp%2Fv2%2Fcategories&post=16051"},{"taxonomy":"post_tag","embeddable":true,"href":"https:\/\/dpg-netz-bremen.de\/index.php?rest_route=%2Fwp%2Fv2%2Ftags&post=16051"}],"curies":[{"name":"wp","href":"https:\/\/api.w.org\/{rel}","templated":true}]}}