{"id":16072,"date":"2026-01-16T07:20:34","date_gmt":"2026-01-16T07:20:34","guid":{"rendered":"https:\/\/dpg-netz-bremen.de\/?p=16072"},"modified":"2026-01-16T14:29:12","modified_gmt":"2026-01-16T14:29:12","slug":"justice-for-palestine-stop-eu-trade-with-criminals","status":"publish","type":"post","link":"https:\/\/dpg-netz-bremen.de\/?p=16072","title":{"rendered":"Justice for Palestine &#8211; Stop EU Trade With Criminals"},"content":{"rendered":"<p><strong><a href=\"https:\/\/eci.ec.europa.eu\/055\/public\/#\/screen\/home\"><img loading=\"lazy\" decoding=\"async\" class=\"alignleft wp-image-16073 size-medium\" src=\"http:\/\/dpg-netz-bremen.de\/wp-content\/uploads\/2026\/01\/26-01-16-justice-for-palestine-300x100.png\" alt=\"\" width=\"300\" height=\"100\" srcset=\"https:\/\/dpg-netz-bremen.de\/wp-content\/uploads\/2026\/01\/26-01-16-justice-for-palestine-300x100.png 300w, https:\/\/dpg-netz-bremen.de\/wp-content\/uploads\/2026\/01\/26-01-16-justice-for-palestine-1024x341.png 1024w, https:\/\/dpg-netz-bremen.de\/wp-content\/uploads\/2026\/01\/26-01-16-justice-for-palestine-768x256.png 768w, https:\/\/dpg-netz-bremen.de\/wp-content\/uploads\/2026\/01\/26-01-16-justice-for-palestine-500x167.png 500w, https:\/\/dpg-netz-bremen.de\/wp-content\/uploads\/2026\/01\/26-01-16-justice-for-palestine.png 1500w\" sizes=\"auto, (max-width: 300px) 100vw, 300px\" \/><\/a>Sehr wichtige B\u00fcrgerinitiative!!! Bitte unterschreiben und weiterleiten!<br \/>\n<\/strong>Liebe Mitstreiterinnen f\u00fcr die Rechte der Pal\u00e4stinenser,<br \/>\nes&nbsp; wurde heute&nbsp; die&nbsp; &nbsp;Petition&nbsp; einer Europ\u00e4ischen B\u00fcrgerinitiative gestartet, die&nbsp; eine Aussetzung des EU-Israel-Assoziierungsvertrages fordert.<!--more--><br \/>\nBitte unterschreibt diese Petition m\u00f6glichst bald und&nbsp; verbreitet sie&nbsp; weitr\u00e4umig, denn&nbsp; die Petition erfordert viele Unterschriften, damit sie&nbsp; angenommen wird.<\/p>\n<p><strong><a href=\"https:\/\/eci.ec.europa.eu\/055\/public\/#\/screen\/home\">https:\/\/eci.ec.europa.eu\/055\/public\/#\/screen\/home<\/a><\/strong><\/p>\n<p>F\u00fcr eine<strong> Europ\u00e4ische B\u00fcrgerinitiative (EBI)<\/strong> ben\u00f6tigt man <strong>mindestens 1 Million g\u00fcltige Unterschriften<\/strong>, verteilt auf mindestens 7 EU-L\u00e4nder mit jeweils einer Mindestanzahl an Unterzeichnern, die je nach Mitgliedstaat variiert (z. B. <strong>in Deutschland ca. 67.680 Unterschriften)<\/strong>. Die Initiative muss innerhalb von 12 Monaten gesammelt werden.&nbsp;<\/p>\n<p>Wenn&nbsp; die 100.000&nbsp; Demonstranten, die am 27.9. 2025&nbsp; in Berlin f\u00fcr die Rechte der Pal\u00e4stinenser&nbsp; demonstriert haben, alle die Petition unterschreiben, dann sollte es keine M\u00fche machen, das Quorum von 67.680 Unterschriften zu erreichen. Um an der Petition teilnehmen zu k\u00f6nnen, ist die EU-Staatsb\u00fcrgerschaft Voraussetzung.<\/p>\n<p><a href=\"https:\/\/eci.ec.europa.eu\/055\/public\/#\/screen\/home\" target=\"_blank\" rel=\"noopener\">Justice for Palestine &#8211; Stop EU Trade With Criminals<\/a><\/p>\n<p>Wir fordern angesichts Israels Menschenrechtsverletzungen die vollst\u00e4ndige Aussetzung des Assoziierungsabkommens zwischen der EU und Israel<br \/>\nLogo\/Bild der Initiative<br \/>\nZiele<\/p>\n<p>Laut der Europ\u00e4ischen Kommission ist der Staat Israel f\u00fcr die beispiellose massenhafte T\u00f6tung und Verletzung von Zivilistinnen und Zivilisten sowie f\u00fcr die massenhafte Vertreibung der Bev\u00f6lkerung und die systematische Zerst\u00f6rung von Krankenh\u00e4usern und medizinischen Einrichtungen in Gaza verantwortlich [1]. Israel blockiert zudem die Bereitstellung humanit\u00e4rer Hilfe; dieses Vorgehen k\u00f6nnte als Aushungern als Methode der Kriegsf\u00fchrung angesehen werden. Israel bricht mit zahlreichen Regeln und Verpflichtungen des V\u00f6lkerrechts und leistet der Anordnung des Internationalen Gerichtshofs [2], das Verbrechen des V\u00f6lkermords zu verhindern, nicht Folge.<\/p>\n<p>Und doch hat die EU ihr Assoziierungsabkommen mit Israel, ein Eckpfeiler der bilateralen Zusammenarbeit zwischen der EU und Israel in den Bereichen Handel, Wirtschaft und Politik, noch immer nicht ausgesetzt.<\/p>\n<p>Die EU-B\u00fcrgerinnen und -B\u00fcrger d\u00fcrfen nicht mehr hinnehmen, dass die EU ein Abkommen aufrechterh\u00e4lt, das einen Staat legitimiert und finanziert, der Verbrechen gegen die Menschlichkeit und Kriegsverbrechen begeht.<\/p>\n<p>Daher fordern wir die Kommission auf, dem Rat einen Vorschlag f\u00fcr die vollst\u00e4ndige Aussetzung des Assoziierungsabkommens zwischen der EU und Israel vorzulegen.<\/p>\n<p>[1] Europ\u00e4ischer Ausw\u00e4rtiger Dienst, Vermerk des B\u00fcros des EU-Sonderbeauftragten f\u00fcr Menschenrechte, 20. Juni 2025, https:\/\/euobserver.com\/eu-and-the-world\/ar0246a0da.<\/p>\n<p>[2] Internationaler Gerichtshof, Anordnung vom 26. Januar 2024, https:\/\/www.icj-cij.org\/node\/203447.<br \/>\nWebseite der Initiative im Register der Europ\u00e4ischen Kommission:<br \/>\nhttps:\/\/citizens-initiative.europa.eu\/initiatives\/details\/2025\/000005<\/p>\n","protected":false},"excerpt":{"rendered":"<p>Sehr wichtige B\u00fcrgerinitiative!!! Bitte unterschreiben und weiterleiten! Liebe Mitstreiterinnen f\u00fcr die Rechte der Pal\u00e4stinenser, es&nbsp; wurde heute&nbsp; die&nbsp; &nbsp;Petition&nbsp; einer Europ\u00e4ischen B\u00fcrgerinitiative gestartet, die&nbsp; eine Aussetzung des EU-Israel-Assoziierungsvertrages fordert.<\/p>\n","protected":false},"author":1,"featured_media":0,"comment_status":"closed","ping_status":"closed","sticky":false,"template":"","format":"standard","meta":{"ngg_post_thumbnail":0,"footnotes":""},"categories":[3],"tags":[],"class_list":["post-16072","post","type-post","status-publish","format-standard","hentry","category-allgemein"],"_links":{"self":[{"href":"https:\/\/dpg-netz-bremen.de\/index.php?rest_route=\/wp\/v2\/posts\/16072","targetHints":{"allow":["GET"]}}],"collection":[{"href":"https:\/\/dpg-netz-bremen.de\/index.php?rest_route=\/wp\/v2\/posts"}],"about":[{"href":"https:\/\/dpg-netz-bremen.de\/index.php?rest_route=\/wp\/v2\/types\/post"}],"author":[{"embeddable":true,"href":"https:\/\/dpg-netz-bremen.de\/index.php?rest_route=\/wp\/v2\/users\/1"}],"replies":[{"embeddable":true,"href":"https:\/\/dpg-netz-bremen.de\/index.php?rest_route=%2Fwp%2Fv2%2Fcomments&post=16072"}],"version-history":[{"count":2,"href":"https:\/\/dpg-netz-bremen.de\/index.php?rest_route=\/wp\/v2\/posts\/16072\/revisions"}],"predecessor-version":[{"id":16075,"href":"https:\/\/dpg-netz-bremen.de\/index.php?rest_route=\/wp\/v2\/posts\/16072\/revisions\/16075"}],"wp:attachment":[{"href":"https:\/\/dpg-netz-bremen.de\/index.php?rest_route=%2Fwp%2Fv2%2Fmedia&parent=16072"}],"wp:term":[{"taxonomy":"category","embeddable":true,"href":"https:\/\/dpg-netz-bremen.de\/index.php?rest_route=%2Fwp%2Fv2%2Fcategories&post=16072"},{"taxonomy":"post_tag","embeddable":true,"href":"https:\/\/dpg-netz-bremen.de\/index.php?rest_route=%2Fwp%2Fv2%2Ftags&post=16072"}],"curies":[{"name":"wp","href":"https:\/\/api.w.org\/{rel}","templated":true}]}}