{"id":16214,"date":"2026-02-03T08:10:36","date_gmt":"2026-02-03T08:10:36","guid":{"rendered":"https:\/\/dpg-netz-bremen.de\/?p=16214"},"modified":"2026-02-05T08:13:45","modified_gmt":"2026-02-05T08:13:45","slug":"der-weserkurier-berichtet-fotos-von-ursula-mindermann-im-buergerhaus-hemelingen","status":"publish","type":"post","link":"https:\/\/dpg-netz-bremen.de\/?p=16214","title":{"rendered":"Der Weserkurier berichtet: Fotos von Ursula Mindermann im B\u00fcrgerhaus Hemelingen"},"content":{"rendered":"<p><a href=\"http:\/\/dpg-netz-bremen.de\/wp-content\/uploads\/2026\/02\/weserkurier-screenshot.jpg\"><img loading=\"lazy\" decoding=\"async\" class=\"alignleft wp-image-16215 size-medium\" src=\"http:\/\/dpg-netz-bremen.de\/wp-content\/uploads\/2026\/02\/weserkurier-screenshot-250x300.jpg\" alt=\"\" width=\"250\" height=\"300\" srcset=\"https:\/\/dpg-netz-bremen.de\/wp-content\/uploads\/2026\/02\/weserkurier-screenshot-250x300.jpg 250w, https:\/\/dpg-netz-bremen.de\/wp-content\/uploads\/2026\/02\/weserkurier-screenshot-852x1024.jpg 852w, https:\/\/dpg-netz-bremen.de\/wp-content\/uploads\/2026\/02\/weserkurier-screenshot-300x361.jpg 300w, https:\/\/dpg-netz-bremen.de\/wp-content\/uploads\/2026\/02\/weserkurier-screenshot-768x923.jpg 768w, https:\/\/dpg-netz-bremen.de\/wp-content\/uploads\/2026\/02\/weserkurier-screenshot.jpg 950w\" sizes=\"auto, (max-width: 250px) 100vw, 250px\" \/><\/a>Unter dem Titel &#8222;GAZA &#8211; BEFORE &amp; AFTER&#8220; werden im B\u00fcrgerhaus Hemelingen Fotos aus Gaza gezeigt. <a href=\"https:\/\/dpg-netz-bremen.de\/?p=16118\" target=\"_blank\" rel=\"noopener\">Wir berichteten ausf\u00fchrlich<\/a> \u00fcber die Er\u00f6ffnung der Ausstellung. Petra Stubbe hat im Weserkurier (in den <a href=\"https:\/\/www.weser-kurier.de\/bremen\/stadtteil-hemelingen\/gaza-before-and-after-fotos-im-buergerhaus-bremen-hemelingen-doc84cd1mfp8qg1ctzgn9sy\" target=\"_blank\" rel=\"noopener\">Stadtteilmagazinen Hemelingen und Neustadt<\/a>) dankenswerterweise ausf\u00fchrlich dar\u00fcber berichtet. Hier einige Ausz\u00fcge:<\/p>\n<p>Kuratorin Ursula Mindermann, Vizepr\u00e4sidentin der DPG und des schottischen Fotografennetzwerks Network of Photographers for Palestine (NPP), war mehrmals vor Ort. Die Hobbyfotografin aus Telgte, 1962 in Bremen geboren, kennt Pal\u00e4stina von diversen Reisen ins Westjordanland. Die selbstst\u00e4ndige Ingenieurin f\u00fcr Augenoptik engagiert sich lokalpolitisch bei den Gr\u00fcnen und widmet sich ehrenamtlich der Arbeit, auf das Leid der Menschen in Nahost aufmerksam zu machen. Im Alter von 21 Jahren machte Mindermann sich erstmals ein Bild vor Ort und war geschockt \u00fcber die Zust\u00e4nde, die sich ihr boten.<!--more--><\/p>\n<p>Erg\u00e4nzt wird die Schau mit aktuellen Bildern des Fotografen Mohammed Al-Hajjar aus Gaza. Der Fotojournalist und Vater von zwei kleinen Kindern kennt die \u00c4ngste und Schmerzen der Menschen. Sein Haus wurde mehrmals bombardiert. Hungersn\u00f6te, schlaflose Tage und N\u00e4chte, Krankenhausaufenthalte \u2013 all das musste er am eigenen Leib erfahren. Zahlreiche pal\u00e4stinensische Journalisten wurden in diesem Krieg get\u00f6tet. Al-Hajjar versteht sich als Journalist, der ums \u00dcberleben k\u00e4mpft. Er macht sich daf\u00fcr stark, Opfern eine Stimme zu geben, indem er ihr Schicksal dokumentiert.<br \/>\nKinder spielen zwischen Tr\u00fcmmern<\/p>\n<p>Schonungslos etwa richtet sich die Kamera auf eine kniende Mutter, die einem ausgemergelten Kind auf dem Scho\u00df einen L\u00f6ffel Brei gibt. Ihr Blick ist ernst, die Stirnfalten voller Sorgen zusammengezogen. Doch die Fotografien zeigen nicht nur Gesichter von ma\u00dfloser Traurigkeit und Leere, zerst\u00f6rte Existenzen und ausgel\u00f6schte Erinnerungen. Fast noch ersch\u00fctternder sind die Bilder von lachenden Kindern, die in alten Plastikt\u00fcten Sackh\u00fcpfen spielen oder zwischen den Tr\u00fcmmern einen kleinen Flohmarktstand aufgebaut haben. Eine Momentaufnahme in dem Elend.<\/p>\n<p>Begleitend zur Ausstellung pr\u00e4sentierte Mindermann bei der Er\u00f6ffnung ein kleines Buch mit einer Sammlung von Gedichten und Zeugnissen von Kindern aus Gaza. Schriften, die zwischen Oktober 2023 und M\u00e4rz 2024 unter dem Titel &#8222;Eine Million Drachen&#8220; zusammengefasst wurden. Im Gazastreifen leben rund zwei Millionen Menschen, etwa die H\u00e4lfte davon Kinder. Das Buch wurde von Leila Boukarim editiert und \u00fcbersetzt. Es verschafft einigen der Millionen W\u00fcnsche der Kinder nach Geborgenheit, Bildung und Sicherheit eine Plattform. [&#8230;]<\/p>\n<p>Die Wanderausstellung wurde von einer Jury des Fotografenwerks NPP zusammengestellt und im M\u00e4rz 2024 erstmals in Edinburgh pr\u00e4sentiert. Nach verschiedenen Orten in Deutschland macht sie bis Ende Februar im Hemelinger B\u00fcrgerhaus, Godehardstra\u00dfe 4, Station. Sie ist montags bis donnerstags von 8 bis 22 Uhr und freitags von 8 bis 20 Uhr zu sehen. Der Eintritt ist frei.<\/p>\n<p>&nbsp;<\/p>\n","protected":false},"excerpt":{"rendered":"<p>Unter dem Titel &#8222;GAZA &#8211; BEFORE &amp; AFTER&#8220; werden im B\u00fcrgerhaus Hemelingen Fotos aus Gaza gezeigt. Wir berichteten ausf\u00fchrlich \u00fcber die Er\u00f6ffnung der Ausstellung. Petra Stubbe hat im Weserkurier (in den Stadtteilmagazinen Hemelingen und Neustadt) dankenswerterweise ausf\u00fchrlich dar\u00fcber berichtet. Hier &hellip; <a href=\"https:\/\/dpg-netz-bremen.de\/?p=16214\">Weiterlesen <span class=\"meta-nav\">&rarr;<\/span><\/a><\/p>\n","protected":false},"author":1,"featured_media":0,"comment_status":"closed","ping_status":"closed","sticky":false,"template":"","format":"standard","meta":{"ngg_post_thumbnail":0,"footnotes":""},"categories":[3],"tags":[],"class_list":["post-16214","post","type-post","status-publish","format-standard","hentry","category-allgemein"],"_links":{"self":[{"href":"https:\/\/dpg-netz-bremen.de\/index.php?rest_route=\/wp\/v2\/posts\/16214","targetHints":{"allow":["GET"]}}],"collection":[{"href":"https:\/\/dpg-netz-bremen.de\/index.php?rest_route=\/wp\/v2\/posts"}],"about":[{"href":"https:\/\/dpg-netz-bremen.de\/index.php?rest_route=\/wp\/v2\/types\/post"}],"author":[{"embeddable":true,"href":"https:\/\/dpg-netz-bremen.de\/index.php?rest_route=\/wp\/v2\/users\/1"}],"replies":[{"embeddable":true,"href":"https:\/\/dpg-netz-bremen.de\/index.php?rest_route=%2Fwp%2Fv2%2Fcomments&post=16214"}],"version-history":[{"count":4,"href":"https:\/\/dpg-netz-bremen.de\/index.php?rest_route=\/wp\/v2\/posts\/16214\/revisions"}],"predecessor-version":[{"id":16219,"href":"https:\/\/dpg-netz-bremen.de\/index.php?rest_route=\/wp\/v2\/posts\/16214\/revisions\/16219"}],"wp:attachment":[{"href":"https:\/\/dpg-netz-bremen.de\/index.php?rest_route=%2Fwp%2Fv2%2Fmedia&parent=16214"}],"wp:term":[{"taxonomy":"category","embeddable":true,"href":"https:\/\/dpg-netz-bremen.de\/index.php?rest_route=%2Fwp%2Fv2%2Fcategories&post=16214"},{"taxonomy":"post_tag","embeddable":true,"href":"https:\/\/dpg-netz-bremen.de\/index.php?rest_route=%2Fwp%2Fv2%2Ftags&post=16214"}],"curies":[{"name":"wp","href":"https:\/\/api.w.org\/{rel}","templated":true}]}}