{"id":16293,"date":"2026-02-22T13:11:27","date_gmt":"2026-02-22T13:11:27","guid":{"rendered":"https:\/\/dpg-netz-bremen.de\/?p=16293"},"modified":"2026-03-14T08:59:35","modified_gmt":"2026-03-14T08:59:35","slug":"frieden-mit-russland-fuer-eine-neue-ostpolitik","status":"publish","type":"post","link":"https:\/\/dpg-netz-bremen.de\/?p=16293","title":{"rendered":"Frieden mit Russland &#8211; F\u00fcr eine neue Ostpolitik?"},"content":{"rendered":"<p style=\"float: left; margin: 0 15px 5px 0;\"><iframe loading=\"lazy\" title=\"YouTube video player\" src=\"https:\/\/www.youtube-nocookie.com\/embed\/r-s6HREZJlg?si=h1QT8RHXAH7h3Yue\" width=\"300\" height=\"169\" frameborder=\"0\" allowfullscreen=\"allowfullscreen\"><span style=\"display: inline-block; width: 0px; overflow: hidden; line-height: 0;\" data-mce-type=\"bookmark\" class=\"mce_SELRES_start\">\ufeff<\/span><span data-mce-type=\"bookmark\" style=\"display: inline-block; width: 0px; overflow: hidden; line-height: 0;\" class=\"mce_SELRES_start\"><\/span><\/iframe><\/p>\n<p>Der neu gegr\u00fcndete AK &#8222;Neue Ostpolitik&#8220; hatte drei hochkar\u00e4tige Referenten und Diskutanten ins Wissenschaftszentrum in Bremen eingeladen.<\/p>\n<ul>\n<li><strong>Folker Hellmeyer<\/strong> ist der ehemalige Chefanalyst der Bremer Landesbank und jetzt mit seinem &#8222;Hellmeyer Report&#8220; ein einflussreicher und vielgelesener Kommentator der Finanzm\u00e4rkte.<\/li>\n<\/ul>\n<p><!--more--><a href=\"http:\/\/dpg-netz-bremen.de\/wp-content\/uploads\/2026\/02\/flyer-vorderseite-1000px.jpg\"><img loading=\"lazy\" decoding=\"async\" class=\"alignleft wp-image-16297 size-medium\" src=\"http:\/\/dpg-netz-bremen.de\/wp-content\/uploads\/2026\/02\/flyer-vorderseite-1000px-205x300.jpg\" alt=\"\" width=\"205\" height=\"300\" srcset=\"https:\/\/dpg-netz-bremen.de\/wp-content\/uploads\/2026\/02\/flyer-vorderseite-1000px-205x300.jpg 205w, https:\/\/dpg-netz-bremen.de\/wp-content\/uploads\/2026\/02\/flyer-vorderseite-1000px-698x1024.jpg 698w, https:\/\/dpg-netz-bremen.de\/wp-content\/uploads\/2026\/02\/flyer-vorderseite-1000px-300x440.jpg 300w, https:\/\/dpg-netz-bremen.de\/wp-content\/uploads\/2026\/02\/flyer-vorderseite-1000px-768x1126.jpg 768w, https:\/\/dpg-netz-bremen.de\/wp-content\/uploads\/2026\/02\/flyer-vorderseite-1000px.jpg 1000w\" sizes=\"auto, (max-width: 205px) 100vw, 205px\" \/><\/a><\/p>\n<ul>\n<li>Seit langem kritisiert er die verh\u00e4ngnisvolle Au\u00dfenpolitik der letzten Bundesregierungen und die grassierende Russophobie in der deutschen \u00d6ffentlichkeit.<\/li>\n<li><strong>Alexander Rahr<\/strong> ist ein renommierter Osthistoriker und Russlandexperte, war in f\u00fchrenden Funktionen im Deutsch-Russischen Forum und im Petersburger Dialog. Er kritisiert, dass schon unter der Merkel-Regierung die Entspannungs- und Abr\u00fcstungspolitik eines Willy Brandt von den gr\u00fcn-atlantischen Kreisen abgel\u00f6st wurde durch eine durch und durch aggressive Politik gegen Russland.<\/li>\n<li><strong>Arno Gottschalk<\/strong> ist Abgeordneter f\u00fcr die SPD in der Bremischen B\u00fcrgerschaft und, neben anderen Funktionen, Mitglied im Fraktions- und Landesvorstand. Er setzt sich seit langem, zusammen mit Rolf M\u00fctzenich, Ralf Stegner, Peter Brandt, Klaus v. Dohnanyi u.a. f\u00fcr Diplomatie und Verhandlungen und gegen eine Fortsetzung des Krieges in der Ukraine ein. Es wurde eine spannende und informative Veranstaltung.<\/li>\n<\/ul>\n<p>Warum setzen wir diesen Film auf die Homepage der DPG-Bremen, obwohl er auf den esten Blick wenig mit Pal\u00e4stina zu tun hat? Es war <em>erstens<\/em> eine von uns initiierte, unterst\u00fctzte und mitgeplante Veranstaltung, die auch von der Kontextualisierung deutscher R\u00fcstungspolitik und Waffenlieferung handelt. <em>Zweitens<\/em> hatten wir drei hochwertige Referenten, die aus verschiedenen Blickwinkeln \u00fcber Chancen und Voraussetzungen f\u00fcr einen Frieden vor einem \u00fcbervollem Saal referierten.<br \/>\nModeration: S\u00f6nke Hundt<br \/>\nVideo: Marlies und S\u00f6nke Hundt<\/p>\n","protected":false},"excerpt":{"rendered":"<p>\ufeff Der neu gegr\u00fcndete AK &#8222;Neue Ostpolitik&#8220; hatte drei hochkar\u00e4tige Referenten und Diskutanten ins Wissenschaftszentrum in Bremen eingeladen. Folker Hellmeyer ist der ehemalige Chefanalyst der Bremer Landesbank und jetzt mit seinem &#8222;Hellmeyer Report&#8220; ein einflussreicher und vielgelesener Kommentator der Finanzm\u00e4rkte.<\/p>\n","protected":false},"author":1,"featured_media":0,"comment_status":"closed","ping_status":"closed","sticky":false,"template":"","format":"standard","meta":{"ngg_post_thumbnail":0,"footnotes":""},"categories":[3,9],"tags":[],"class_list":["post-16293","post","type-post","status-publish","format-standard","hentry","category-allgemein","category-videos"],"_links":{"self":[{"href":"https:\/\/dpg-netz-bremen.de\/index.php?rest_route=\/wp\/v2\/posts\/16293","targetHints":{"allow":["GET"]}}],"collection":[{"href":"https:\/\/dpg-netz-bremen.de\/index.php?rest_route=\/wp\/v2\/posts"}],"about":[{"href":"https:\/\/dpg-netz-bremen.de\/index.php?rest_route=\/wp\/v2\/types\/post"}],"author":[{"embeddable":true,"href":"https:\/\/dpg-netz-bremen.de\/index.php?rest_route=\/wp\/v2\/users\/1"}],"replies":[{"embeddable":true,"href":"https:\/\/dpg-netz-bremen.de\/index.php?rest_route=%2Fwp%2Fv2%2Fcomments&post=16293"}],"version-history":[{"count":6,"href":"https:\/\/dpg-netz-bremen.de\/index.php?rest_route=\/wp\/v2\/posts\/16293\/revisions"}],"predecessor-version":[{"id":16300,"href":"https:\/\/dpg-netz-bremen.de\/index.php?rest_route=\/wp\/v2\/posts\/16293\/revisions\/16300"}],"wp:attachment":[{"href":"https:\/\/dpg-netz-bremen.de\/index.php?rest_route=%2Fwp%2Fv2%2Fmedia&parent=16293"}],"wp:term":[{"taxonomy":"category","embeddable":true,"href":"https:\/\/dpg-netz-bremen.de\/index.php?rest_route=%2Fwp%2Fv2%2Fcategories&post=16293"},{"taxonomy":"post_tag","embeddable":true,"href":"https:\/\/dpg-netz-bremen.de\/index.php?rest_route=%2Fwp%2Fv2%2Ftags&post=16293"}],"curies":[{"name":"wp","href":"https:\/\/api.w.org\/{rel}","templated":true}]}}