{"id":16377,"date":"2026-03-23T07:13:46","date_gmt":"2026-03-23T07:13:46","guid":{"rendered":"https:\/\/dpg-netz-bremen.de\/?p=16377"},"modified":"2026-03-23T07:13:52","modified_gmt":"2026-03-23T07:13:52","slug":"dpg-rundbrief-6-2026-v-22-maerz-2026","status":"publish","type":"post","link":"https:\/\/dpg-netz-bremen.de\/?p=16377","title":{"rendered":"DPG-Rundbrief 6-2026 v. 22. M\u00e4rz 2026"},"content":{"rendered":"<p><a href=\"http:\/\/dpg-netz-bremen.de\/wp-content\/uploads\/2026\/03\/26-03-22-DPG-Rundbrief-6-2026.pdf\">26-03-22 DPG-Rundbrief 6-2026<\/a><a href=\"http:\/\/dpg-netz-bremen.de\/wp-content\/uploads\/2026\/03\/26-03-23-iftar-gaza-scaled.jpg\"><img loading=\"lazy\" decoding=\"async\" class=\"alignleft wp-image-16381 size-medium\" src=\"http:\/\/dpg-netz-bremen.de\/wp-content\/uploads\/2026\/03\/26-03-23-iftar-gaza-300x201.jpg\" alt=\"\" width=\"300\" height=\"201\" srcset=\"https:\/\/dpg-netz-bremen.de\/wp-content\/uploads\/2026\/03\/26-03-23-iftar-gaza-300x201.jpg 300w, https:\/\/dpg-netz-bremen.de\/wp-content\/uploads\/2026\/03\/26-03-23-iftar-gaza-1024x685.jpg 1024w, https:\/\/dpg-netz-bremen.de\/wp-content\/uploads\/2026\/03\/26-03-23-iftar-gaza-768x514.jpg 768w, https:\/\/dpg-netz-bremen.de\/wp-content\/uploads\/2026\/03\/26-03-23-iftar-gaza-1536x1028.jpg 1536w, https:\/\/dpg-netz-bremen.de\/wp-content\/uploads\/2026\/03\/26-03-23-iftar-gaza-2048x1371.jpg 2048w, https:\/\/dpg-netz-bremen.de\/wp-content\/uploads\/2026\/03\/26-03-23-iftar-gaza-448x300.jpg 448w\" sizes=\"auto, (max-width: 300px) 100vw, 300px\" \/><\/a> Fastenmonat Ramadan und Eid al Fitr in Gaza. Ramadan hat dieses Jahr am 18. Februar begonnen und endet am Abend des 19. M\u00e4rz 2026, das Eid al Fitr (Zuckerfest) beginnt am 20.3.2026. Es ist der erste Fastenmonat seit Inkrafttreten einer fragilen Waffenruhe im Oktober 2025, doch die humanit\u00e4re Lage bleibt katastrophal. Trotz der offiziellen Waffenruhe ist das t\u00e4gliche Leben im Gazastreifen von massiven Entbehrungen gepr\u00e4gt.<!--more--> Seit der Waffenruhe wurden bis her\u00fcber 600 Menschen in Gaza get\u00f6tet, darunter wieder viele Frauen und Kinder. Familien versammeln sich zum Suhoor und Iftar oft inmitten von Tr\u00fcmmern oder in \u00fcberfluteten Zelten. Die Kosten f\u00fcr Lebensmittel haben sich vielerorts verdoppelt. Die Gebete finden h\u00e4ufig in den Ruinen zerst\u00f6rter Moscheen statt. In Gaza-Stadt besuchten Menschen trotz Sicherheitsbedenken die Gro\u00dfe Amari-Moschee. Ein internationales Gremium unter dem Vorsitz von US-Pr\u00e4sident Trump sagte k\u00fcrzlich Hilfen in H\u00f6he von etwa 7 Milliarden Dollar f\u00fcr den Wiederaufbau zu, was Experten jedoch als unzureichend ansehen. <a href=\"http:\/\/dpg-netz-bremen.de\/wp-content\/uploads\/2026\/03\/26-03-22-DPG-Rundbrief-6-2026.pdf\" target=\"_blank\" rel=\"noopener\">Der vollst\u00e4ndige Rundbrief als pdf hier.<\/a><\/p>\n","protected":false},"excerpt":{"rendered":"<p>26-03-22 DPG-Rundbrief 6-2026 Fastenmonat Ramadan und Eid al Fitr in Gaza. Ramadan hat dieses Jahr am 18. Februar begonnen und endet am Abend des 19. M\u00e4rz 2026, das Eid al Fitr (Zuckerfest) beginnt am 20.3.2026. Es ist der erste Fastenmonat &hellip; <a href=\"https:\/\/dpg-netz-bremen.de\/?p=16377\">Weiterlesen <span class=\"meta-nav\">&rarr;<\/span><\/a><\/p>\n","protected":false},"author":1,"featured_media":0,"comment_status":"closed","ping_status":"closed","sticky":false,"template":"","format":"standard","meta":{"ngg_post_thumbnail":0,"footnotes":""},"categories":[3],"tags":[],"class_list":["post-16377","post","type-post","status-publish","format-standard","hentry","category-allgemein"],"_links":{"self":[{"href":"https:\/\/dpg-netz-bremen.de\/index.php?rest_route=\/wp\/v2\/posts\/16377","targetHints":{"allow":["GET"]}}],"collection":[{"href":"https:\/\/dpg-netz-bremen.de\/index.php?rest_route=\/wp\/v2\/posts"}],"about":[{"href":"https:\/\/dpg-netz-bremen.de\/index.php?rest_route=\/wp\/v2\/types\/post"}],"author":[{"embeddable":true,"href":"https:\/\/dpg-netz-bremen.de\/index.php?rest_route=\/wp\/v2\/users\/1"}],"replies":[{"embeddable":true,"href":"https:\/\/dpg-netz-bremen.de\/index.php?rest_route=%2Fwp%2Fv2%2Fcomments&post=16377"}],"version-history":[{"count":3,"href":"https:\/\/dpg-netz-bremen.de\/index.php?rest_route=\/wp\/v2\/posts\/16377\/revisions"}],"predecessor-version":[{"id":16383,"href":"https:\/\/dpg-netz-bremen.de\/index.php?rest_route=\/wp\/v2\/posts\/16377\/revisions\/16383"}],"wp:attachment":[{"href":"https:\/\/dpg-netz-bremen.de\/index.php?rest_route=%2Fwp%2Fv2%2Fmedia&parent=16377"}],"wp:term":[{"taxonomy":"category","embeddable":true,"href":"https:\/\/dpg-netz-bremen.de\/index.php?rest_route=%2Fwp%2Fv2%2Fcategories&post=16377"},{"taxonomy":"post_tag","embeddable":true,"href":"https:\/\/dpg-netz-bremen.de\/index.php?rest_route=%2Fwp%2Fv2%2Ftags&post=16377"}],"curies":[{"name":"wp","href":"https:\/\/api.w.org\/{rel}","templated":true}]}}