{"id":17027,"date":"2026-09-01T09:05:51","date_gmt":"2026-09-01T09:05:51","guid":{"rendered":"https:\/\/dpg-netz-bremen.de\/?p=17027"},"modified":"2026-09-01T09:05:51","modified_gmt":"2026-09-01T09:05:51","slug":"nachruf-auf-sliman-mansour-ein-abschied-von-der-kunstikone-palaestinas","status":"publish","type":"post","link":"https:\/\/dpg-netz-bremen.de\/?p=17027","title":{"rendered":"Nachruf auf Sliman Mansour: Ein Abschied von der Kunstikone Pal\u00e4stinas."},"content":{"rendered":"<p><a href=\"http:\/\/dpg-netz-bremen.de\/wp-content\/uploads\/2026\/09\/26-09-01-sliman-mansour.jpg\"><img loading=\"lazy\" decoding=\"async\" class=\"alignleft wp-image-17030 size-medium\" src=\"http:\/\/dpg-netz-bremen.de\/wp-content\/uploads\/2026\/09\/26-09-01-sliman-mansour-223x300.jpg\" alt=\"\" width=\"223\" height=\"300\" srcset=\"https:\/\/dpg-netz-bremen.de\/wp-content\/uploads\/2026\/09\/26-09-01-sliman-mansour-223x300.jpg 223w, https:\/\/dpg-netz-bremen.de\/wp-content\/uploads\/2026\/09\/26-09-01-sliman-mansour-300x403.jpg 300w, https:\/\/dpg-netz-bremen.de\/wp-content\/uploads\/2026\/09\/26-09-01-sliman-mansour.jpg 498w\" sizes=\"auto, (max-width: 223px) 100vw, 223px\" \/><\/a>Der Nachruf auf Sliman Mansour ist entnommen dem <a href=\"http:\/\/dpg-netz-bremen.de\/wp-content\/uploads\/2026\/09\/26-09-01-Rundbrief-18-2026-NM-RY-Sliman-Mansour.pdf\" target=\"_blank\" rel=\"noopener\">Rundbrief der Deutsch-Pal\u00e4stinensischen Gesellschaft (DPG) 18-2026 _ September 2026<\/a><br \/>\nDie Deutsch-Pal\u00e4stinensische Gesellschaft e.V. trauert um den bedeutenden pal\u00e4stinensischenK\u00fcnstler Sliman Mansour, der am heutigen Montagabend, dem 24. August 2026, in Jerusalem verstorben ist.Mit seinem Tod geht eine jahrzehntelange, au\u00dfergew\u00f6hnliche k\u00fcnstlerische und sch\u00f6pferische Laufbahn zu Ende. In dieser Zeit hat er ma\u00dfgeblich dazu beigetragen, der pal\u00e4stinensischen Kunst eine eigene Ausdrucksform und einen festen Platz zu geben. Seine Werke bewahren die pal\u00e4stinensische Erinnerung und machten sie sichtbar und erfahrbar.<\/p>\n<p>Der Verstorbene geh\u00f6rte zu den herausragenden pal\u00e4stinensischen bildenden K\u00fcnstlern, pr\u00e4gte und beeinflusste die pal\u00e4stinensische Kultur. Seine Kunst war eng mit dem Menschen, dem Land, der Erinnerung und seiner Heimat verbunden. In seinen Werken brachte er die Fragen, Hoffnungen und Sehns\u00fcchte der Pal\u00e4stinenser zum Ausdruck.<!--more--> Durch sein jahrzehntelanges k\u00fcnstlerisches Schaffen bereicherte er die pal\u00e4stinensische Kultur- und Kunstszene und trug wesentlich dazu bei, der pal\u00e4stinensischen Kunst auch in der arabischen Welt und international Anerkennung zu verschaffen.<\/p>\n<p>Besonders ist zu erw\u00e4hnen, dass Sliman Mansour und der Unterzeichnende sich seit Kindheit kannten, da sie das Internat der Evangelisch-Lutherischen Schulen in Bethlehem und Beit Jala besuchten. Gegenseitige Besuche haben diese Verbundenheit verst\u00e4rkt, die nun pl\u00f6tzlich beendet ist. Es war uns immer eine besondere Ehre und Freude, von Sliman Mansour verschiedene seiner Bilder zur Ver\u00f6ffentlichung in den Zeitschriften unserer Gesellschaft erhalten zu haben. Gerade kurz vor seinem Tod hat er uns mehrere Zeichnungen von traumatisierten Kindern in Gaza f\u00fcr das Sonderheft \u201e40 Jahre DPG\u201c zur Verf\u00fcgung gestellt.<\/p>\n<p>Wir haben Sliman als K\u00fcnstler und als Menschen kennen- und sch\u00e4tzen gelernt. Wann immer sich uns die Gelegenheit bot, mit ihm zusammenzutreffen, begegneten wir seiner tiefen und eindrucksvollen Sicht auf Kunst, Kultur und Heimat. Sein Verm\u00e4chtnis \u2013 seine Kunst, seine Haltung und seine Menschlichkeit \u2013 wird im Bewusstsein unserer Gesellschaft, in der pal\u00e4stinensischen Kulturlandschaft und in der Erinnerung all jener weiterleben, die das Privileg hatten, mit ihm zusammenzuarbeiten odDie Deutsch-Pal\u00e4stinensische Gesellschaft nimmt Abschied von dieser gro\u00dfen k\u00fcnstlerischen und menschlichen Pers\u00f6nlichkeit. Wir erinnern uns dankbar an sein Lebenswerk und seine vielf\u00e4ltigen Beitr\u00e4ge und sprechen seiner Familie, seinen Freunden, Kolleginnen und Kollegen, seinen Sch\u00fclerinnen und Sch\u00fclern sowie der gesamten pal\u00e4stinensischen Kunst- und Kulturszene unser tief empfundenes Mitgef\u00fchl aus.<\/p>\n<p>Allen, die ihn kannten und ihm verbunden waren, gilt unsere Anteilnahme in dieser schweren Stunde. Der Tod von Sliman Mansour ist ein gro\u00dfer Verlust f\u00fcr die pal\u00e4stinensische Kunst und Kultur. Was er der pal\u00e4stinensischen Kunst und ihrem kollektiven Ged\u00e4chtnis hinterlassen hat, wird bleiben \u2013 als Zeugnis seiner Zeit und als Ausdruck jenes Pal\u00e4stina, das er liebte, malte und sein Leben lang in sich trug.<br \/>\n<em>Nazih Musharbash<\/em><\/p>\n<hr>\n<p>Der Nachruf auf Sliman Mansour ist entnommen dem <a href=\"http:\/\/dpg-netz-bremen.de\/wp-content\/uploads\/2026\/09\/26-09-01-Rundbrief-18-2026-NM-RY-Sliman-Mansour.pdf\" target=\"_blank\" rel=\"noopener\">Rundbrief der Deutsch-Pal\u00e4stinensischen Gesellschaft (DPG)<\/a>. Mit den folgenden Themen:<\/p>\n<ul>\n<li>Nachruf auf Sliman Mansour: Ein Abschied von der Kunstikone Pal\u00e4stinas.<\/li>\n<li>Pal\u00e4stinensische Wahlen: Ein Ausblick auf die bevorstehenden Entwicklungen.<\/li>\n<li>Pressemitteilung: Aktuelle Stellungnahmen der DPG.<\/li>\n<li>40 Jahre DPG e. V.: Eine erste Ank\u00fcndigung zu unserem gro\u00dfen Jubil\u00e4um.<\/li>\n<\/ul>\n","protected":false},"excerpt":{"rendered":"<p>Der Nachruf auf Sliman Mansour ist entnommen dem Rundbrief der Deutsch-Pal\u00e4stinensischen Gesellschaft (DPG) 18-2026 _ September 2026 Die Deutsch-Pal\u00e4stinensische Gesellschaft e.V. trauert um den bedeutenden pal\u00e4stinensischenK\u00fcnstler Sliman Mansour, der am heutigen Montagabend, dem 24. August 2026, in Jerusalem verstorben ist.Mit &hellip; <a href=\"https:\/\/dpg-netz-bremen.de\/?p=17027\">Weiterlesen <span class=\"meta-nav\">&rarr;<\/span><\/a><\/p>\n","protected":false},"author":1,"featured_media":0,"comment_status":"closed","ping_status":"closed","sticky":false,"template":"","format":"standard","meta":{"ngg_post_thumbnail":0,"footnotes":""},"categories":[3],"tags":[],"class_list":["post-17027","post","type-post","status-publish","format-standard","hentry","category-allgemein"],"_links":{"self":[{"href":"https:\/\/dpg-netz-bremen.de\/index.php?rest_route=\/wp\/v2\/posts\/17027","targetHints":{"allow":["GET"]}}],"collection":[{"href":"https:\/\/dpg-netz-bremen.de\/index.php?rest_route=\/wp\/v2\/posts"}],"about":[{"href":"https:\/\/dpg-netz-bremen.de\/index.php?rest_route=\/wp\/v2\/types\/post"}],"author":[{"embeddable":true,"href":"https:\/\/dpg-netz-bremen.de\/index.php?rest_route=\/wp\/v2\/users\/1"}],"replies":[{"embeddable":true,"href":"https:\/\/dpg-netz-bremen.de\/index.php?rest_route=%2Fwp%2Fv2%2Fcomments&post=17027"}],"version-history":[{"count":3,"href":"https:\/\/dpg-netz-bremen.de\/index.php?rest_route=\/wp\/v2\/posts\/17027\/revisions"}],"predecessor-version":[{"id":17032,"href":"https:\/\/dpg-netz-bremen.de\/index.php?rest_route=\/wp\/v2\/posts\/17027\/revisions\/17032"}],"wp:attachment":[{"href":"https:\/\/dpg-netz-bremen.de\/index.php?rest_route=%2Fwp%2Fv2%2Fmedia&parent=17027"}],"wp:term":[{"taxonomy":"category","embeddable":true,"href":"https:\/\/dpg-netz-bremen.de\/index.php?rest_route=%2Fwp%2Fv2%2Fcategories&post=17027"},{"taxonomy":"post_tag","embeddable":true,"href":"https:\/\/dpg-netz-bremen.de\/index.php?rest_route=%2Fwp%2Fv2%2Ftags&post=17027"}],"curies":[{"name":"wp","href":"https:\/\/api.w.org\/{rel}","templated":true}]}}