{"id":17038,"date":"2026-09-03T12:50:29","date_gmt":"2026-09-03T12:50:29","guid":{"rendered":"https:\/\/dpg-netz-bremen.de\/?p=17038"},"modified":"2026-09-03T13:00:07","modified_gmt":"2026-09-03T13:00:07","slug":"17038","status":"publish","type":"post","link":"https:\/\/dpg-netz-bremen.de\/?p=17038","title":{"rendered":"Tausende Paar Schuhe \u2013 Tausende Opfer &#8211; Aktion am 05.09.26 ab 14 Uhr"},"content":{"rendered":"<p><a href=\"http:\/\/dpg-netz-bremen.de\/wp-content\/uploads\/2026\/09\/schuhaktion_flyer_a5_DRUCKBOGEN-1.jpg\" target=\"_blank\" rel=\"noopener\"><img loading=\"lazy\" decoding=\"async\" class=\"alignleft wp-image-17040 size-medium\" src=\"http:\/\/dpg-netz-bremen.de\/wp-content\/uploads\/2026\/09\/schuhaktion_flyer_a5_DRUCKBOGEN-1-300x212.jpg\" alt=\"\" width=\"300\" height=\"212\" srcset=\"https:\/\/dpg-netz-bremen.de\/wp-content\/uploads\/2026\/09\/schuhaktion_flyer_a5_DRUCKBOGEN-1-300x212.jpg 300w, https:\/\/dpg-netz-bremen.de\/wp-content\/uploads\/2026\/09\/schuhaktion_flyer_a5_DRUCKBOGEN-1-1024x724.jpg 1024w, https:\/\/dpg-netz-bremen.de\/wp-content\/uploads\/2026\/09\/schuhaktion_flyer_a5_DRUCKBOGEN-1-768x543.jpg 768w, https:\/\/dpg-netz-bremen.de\/wp-content\/uploads\/2026\/09\/schuhaktion_flyer_a5_DRUCKBOGEN-1-1536x1086.jpg 1536w, https:\/\/dpg-netz-bremen.de\/wp-content\/uploads\/2026\/09\/schuhaktion_flyer_a5_DRUCKBOGEN-1-424x300.jpg 424w, https:\/\/dpg-netz-bremen.de\/wp-content\/uploads\/2026\/09\/schuhaktion_flyer_a5_DRUCKBOGEN-1.jpg 1683w\" sizes=\"auto, (max-width: 300px) 100vw, 300px\" \/><\/a> <a href=\"http:\/\/dpg-netz-bremen.de\/wp-content\/uploads\/2026\/09\/schuhaktion_flyer_a5_DRUCKBOGEN-2.jpg\" target=\"_blank\" rel=\"noopener\"><img loading=\"lazy\" decoding=\"async\" class=\"alignleft wp-image-17041 size-medium\" src=\"http:\/\/dpg-netz-bremen.de\/wp-content\/uploads\/2026\/09\/schuhaktion_flyer_a5_DRUCKBOGEN-2-300x212.jpg\" alt=\"\" width=\"300\" height=\"212\" srcset=\"https:\/\/dpg-netz-bremen.de\/wp-content\/uploads\/2026\/09\/schuhaktion_flyer_a5_DRUCKBOGEN-2-300x212.jpg 300w, https:\/\/dpg-netz-bremen.de\/wp-content\/uploads\/2026\/09\/schuhaktion_flyer_a5_DRUCKBOGEN-2-1024x724.jpg 1024w, https:\/\/dpg-netz-bremen.de\/wp-content\/uploads\/2026\/09\/schuhaktion_flyer_a5_DRUCKBOGEN-2-768x543.jpg 768w, https:\/\/dpg-netz-bremen.de\/wp-content\/uploads\/2026\/09\/schuhaktion_flyer_a5_DRUCKBOGEN-2-1536x1086.jpg 1536w, https:\/\/dpg-netz-bremen.de\/wp-content\/uploads\/2026\/09\/schuhaktion_flyer_a5_DRUCKBOGEN-2-424x300.jpg 424w, https:\/\/dpg-netz-bremen.de\/wp-content\/uploads\/2026\/09\/schuhaktion_flyer_a5_DRUCKBOGEN-2.jpg 1683w\" sizes=\"auto, (max-width: 300px) 100vw, 300px\" \/><\/a>Druckversion des Flyers, der am Samstag auf dem Marktplatz an Interessierte und Passanten verteilt wird, damit auch Vorbeigehenden der Sinn der grossen Aktion erl\u00e4utert werden kann. <span style=\"color: #ff0000;\"><strong>Die Aufbauarbeiten zu dieser genehmigten Performance f\u00fcr den Frieden beginnen um 11.00 Uhr und die eigentliche Veranstaltung mit begleitenden Aktivvit\u00e4ten und Reden beginnt um 14.00 Uhr. Helfende H\u00e4nde beim Aufbau ab 11.00 Uhr, der Verteilung und Bannerhaltung ab 14.00 Uhr sind sehr willkommen.&nbsp;<\/strong><\/span><\/p>\n<p><a href=\"http:\/\/dpg-netz-bremen.de\/wp-content\/uploads\/2026\/09\/schuhaktion_flyer_a5_DRUCKBOGEN.pdf\" target=\"_blank\" rel=\"noopener\">Der Flyer als pdf-Datei zum Ausdrucken<\/a><\/p>\n","protected":false},"excerpt":{"rendered":"<p>Druckversion des Flyers, der am Samstag auf dem Marktplatz an Interessierte und Passanten verteilt wird, damit auch Vorbeigehenden der Sinn der grossen Aktion erl\u00e4utert werden kann. Die Aufbauarbeiten zu dieser genehmigten Performance f\u00fcr den Frieden beginnen um 11.00 Uhr und &hellip; <a href=\"https:\/\/dpg-netz-bremen.de\/?p=17038\">Weiterlesen <span class=\"meta-nav\">&rarr;<\/span><\/a><\/p>\n","protected":false},"author":1,"featured_media":0,"comment_status":"closed","ping_status":"closed","sticky":false,"template":"","format":"standard","meta":{"ngg_post_thumbnail":0,"footnotes":""},"categories":[3],"tags":[],"class_list":["post-17038","post","type-post","status-publish","format-standard","hentry","category-allgemein"],"_links":{"self":[{"href":"https:\/\/dpg-netz-bremen.de\/index.php?rest_route=\/wp\/v2\/posts\/17038","targetHints":{"allow":["GET"]}}],"collection":[{"href":"https:\/\/dpg-netz-bremen.de\/index.php?rest_route=\/wp\/v2\/posts"}],"about":[{"href":"https:\/\/dpg-netz-bremen.de\/index.php?rest_route=\/wp\/v2\/types\/post"}],"author":[{"embeddable":true,"href":"https:\/\/dpg-netz-bremen.de\/index.php?rest_route=\/wp\/v2\/users\/1"}],"replies":[{"embeddable":true,"href":"https:\/\/dpg-netz-bremen.de\/index.php?rest_route=%2Fwp%2Fv2%2Fcomments&post=17038"}],"version-history":[{"count":7,"href":"https:\/\/dpg-netz-bremen.de\/index.php?rest_route=\/wp\/v2\/posts\/17038\/revisions"}],"predecessor-version":[{"id":17048,"href":"https:\/\/dpg-netz-bremen.de\/index.php?rest_route=\/wp\/v2\/posts\/17038\/revisions\/17048"}],"wp:attachment":[{"href":"https:\/\/dpg-netz-bremen.de\/index.php?rest_route=%2Fwp%2Fv2%2Fmedia&parent=17038"}],"wp:term":[{"taxonomy":"category","embeddable":true,"href":"https:\/\/dpg-netz-bremen.de\/index.php?rest_route=%2Fwp%2Fv2%2Fcategories&post=17038"},{"taxonomy":"post_tag","embeddable":true,"href":"https:\/\/dpg-netz-bremen.de\/index.php?rest_route=%2Fwp%2Fv2%2Ftags&post=17038"}],"curies":[{"name":"wp","href":"https:\/\/api.w.org\/{rel}","templated":true}]}}