{"id":2232,"date":"2015-08-20T08:34:22","date_gmt":"2015-08-20T06:34:22","guid":{"rendered":"http:\/\/nahost-forum-bremen.de\/?p=2232"},"modified":"2015-09-07T20:06:31","modified_gmt":"2015-09-07T18:06:31","slug":"die-antikriegskonferenz-in-der-zionsgemeinde","status":"publish","type":"post","link":"https:\/\/dpg-netz-bremen.de\/?p=2232","title":{"rendered":"Die Antikriegskonferenz in der Zionsgemeinde"},"content":{"rendered":"<p><a href=\"http:\/\/antikriegskonferenz.de\/?page_id=347\"><img loading=\"lazy\" decoding=\"async\" class=\"alignleft\" alt=\"\" src=\"http:\/\/nahost-forum-bremen.de\/wp-content\/uploads\/2015\/08\/15-09-05-RAKK-1000px_ji.jpg\" width=\"300\" height=\"212\" \/><\/a>Das Nahost-Forum Bremen unterst\u00fctzt die Regionale Antikriegskonferenz, die am 5. September von 11 &#8211; 17 Uhr in der Zionsgemeinde, Kornstra\u00dfe 31, stattfindet. Die Konferenz behandelt u. a. Themen, die auch Themen des Nahostforums sind, z. B. Nuklearwaffen, Drohnen, Fragen des V\u00f6lkerrechts, die Verfolgung von Kriegsverbrechen usw. So weit die Referate nicht direkt Bezug auf die Situation in Israel\/Pal\u00e4stina nehmen, besteht im Rahmen der Diskussion die M\u00f6glichkeit, darauf hinzuweisen.<\/p>\n<p>Es sind acht Vortr\u00e4ge geplant, die nicht l\u00e4nger als jeweils 20 Minuten dauern, damit Gelegenheit und gen\u00fcgend Zeit zur Diskussion (auch f\u00fcr Pausen) bleibt. Die Teilnahme ist kostenlos. Eine Anmeldung ist erforderlich unter: info@bremerfriedensforum.de.<!--more--><\/p>\n<p><em><strong>Es referieren (in alphabetischer Reihenfolge):\u00a0<\/strong><\/em><em><strong><\/strong><\/em><\/p>\n<ul>\n<li><strong>Gerhard Baisch:<\/strong> <em>Kriegsverbrechen und Kollateralsch\u00e4den<\/em> \u2013 Unges\u00fchnte Morde<\/li>\n<li><strong>Johannes Feest<\/strong>: <em>T\u00f6tung durch Drohnen: <\/em>ein Fall von informeller Todesstrafe<\/li>\n<li><strong>Heike Knops<\/strong>: <em>Zielscheibe DNA <\/em>&#8211; Gegenwart und Zukunft milit\u00e4rischer Nutzung von Gentechnik<\/li>\n<li><strong>Steffen Kommer<\/strong>: <em>Frieden durch Recht?<\/em> Zur Bedeutung des V\u00f6lkerrechts<\/li>\n<li><strong>Hans-J\u00f6rg Kreowski<\/strong>: <em>Killerdrohnen<\/em> \u2013 nicht ohne Informatik<\/li>\n<li><strong>Markus Saxinger<\/strong>: <em>Fluchtursache Krieg und der Krieg gegen Fl\u00fcchtlinge<\/em> &#8211; \u201eWir sind hier, weil Ihr unsere L\u00e4nder zerst\u00f6rt\u201c<\/li>\n<li><strong>Lars Pohlmeier<\/strong>: <em>Nuklearwaffen<\/em>: R\u00fcstung, Stationierung, \u201cModernisierung\u201d<\/li>\n<li><strong>Helmuth Riewe<\/strong>: <em>Kriegspartei Medien<\/em> \u2013 Mit Beispielen aus der lokalen Berichterstattung<\/li>\n<\/ul>\n<p>Weitere Informationen:\u00a0<a href=\"http:\/\/antikriegskonferenz.de\/?page_id=347\" target=\"_blank\">http:\/\/antikriegskonferenz.de\/?page_id=347<\/a><\/p>\n<p>der <a href=\"http:\/\/www.bremerfriedensforum.de\/pdf\/RAKK_Flyer2015_web2.pdf\" target=\"_blank\">Flyer zur Konferenz hier<\/a><\/p>\n<p>&nbsp;<\/p>\n<p>&nbsp;<\/p>\n","protected":false},"excerpt":{"rendered":"<p>Das Nahost-Forum Bremen unterst\u00fctzt die Regionale Antikriegskonferenz, die am 5. September von 11 &#8211; 17 Uhr in der Zionsgemeinde, Kornstra\u00dfe 31, stattfindet. Die Konferenz behandelt u. a. Themen, die auch Themen des Nahostforums sind, z. B. Nuklearwaffen, Drohnen, Fragen des &hellip; <a href=\"https:\/\/dpg-netz-bremen.de\/?p=2232\">Weiterlesen <span class=\"meta-nav\">&rarr;<\/span><\/a><\/p>\n","protected":false},"author":1,"featured_media":0,"comment_status":"open","ping_status":"closed","sticky":false,"template":"","format":"standard","meta":{"ngg_post_thumbnail":0,"footnotes":""},"categories":[5,3],"tags":[],"class_list":["post-2232","post","type-post","status-publish","format-standard","hentry","category-3-aktuell-bremen","category-allgemein"],"_links":{"self":[{"href":"https:\/\/dpg-netz-bremen.de\/index.php?rest_route=\/wp\/v2\/posts\/2232","targetHints":{"allow":["GET"]}}],"collection":[{"href":"https:\/\/dpg-netz-bremen.de\/index.php?rest_route=\/wp\/v2\/posts"}],"about":[{"href":"https:\/\/dpg-netz-bremen.de\/index.php?rest_route=\/wp\/v2\/types\/post"}],"author":[{"embeddable":true,"href":"https:\/\/dpg-netz-bremen.de\/index.php?rest_route=\/wp\/v2\/users\/1"}],"replies":[{"embeddable":true,"href":"https:\/\/dpg-netz-bremen.de\/index.php?rest_route=%2Fwp%2Fv2%2Fcomments&post=2232"}],"version-history":[{"count":8,"href":"https:\/\/dpg-netz-bremen.de\/index.php?rest_route=\/wp\/v2\/posts\/2232\/revisions"}],"predecessor-version":[{"id":2269,"href":"https:\/\/dpg-netz-bremen.de\/index.php?rest_route=\/wp\/v2\/posts\/2232\/revisions\/2269"}],"wp:attachment":[{"href":"https:\/\/dpg-netz-bremen.de\/index.php?rest_route=%2Fwp%2Fv2%2Fmedia&parent=2232"}],"wp:term":[{"taxonomy":"category","embeddable":true,"href":"https:\/\/dpg-netz-bremen.de\/index.php?rest_route=%2Fwp%2Fv2%2Fcategories&post=2232"},{"taxonomy":"post_tag","embeddable":true,"href":"https:\/\/dpg-netz-bremen.de\/index.php?rest_route=%2Fwp%2Fv2%2Ftags&post=2232"}],"curies":[{"name":"wp","href":"https:\/\/api.w.org\/{rel}","templated":true}]}}