{"id":2691,"date":"2016-01-20T09:08:28","date_gmt":"2016-01-20T08:08:28","guid":{"rendered":"http:\/\/nahost-forum-bremen.de\/?p=2691"},"modified":"2016-01-20T09:14:56","modified_gmt":"2016-01-20T08:14:56","slug":"offener-brief-der-botschafterin-palaestinas-an-journalisten-und-pressevertreter","status":"publish","type":"post","link":"https:\/\/dpg-netz-bremen.de\/?p=2691","title":{"rendered":"Offener Brief der Botschafterin Pal\u00e4stinas an Journalisten und Pressevertreter in Deutschland"},"content":{"rendered":"<div style=\"width: 310px\" class=\"wp-caption alignleft\"><a href=\"http:\/\/nahost-forum-bremen.de\/wp-content\/uploads\/2016\/01\/khouloud-daibes-19-2-15-in-Bremen.jpg\"><img loading=\"lazy\" decoding=\"async\" class=\" \" alt=\"\" src=\"http:\/\/nahost-forum-bremen.de\/wp-content\/uploads\/2016\/01\/khouloud-daibes-19-2-15-in-Bremen.jpg\" width=\"300\" height=\"200\" \/><\/a><p class=\"wp-caption-text\">Dr. Khouloud Daibes am 19. Februar 2015 in Bremen<\/p><\/div>\n<p>In einem offenen Brief wendet sich Botschafterin Dr. Khouloud Daibes an Journalisten und Pressevertreter in Deutschland.<\/p>\n<p>Verehrte Journalisten, Medienschaffende und Vertreter der Presse in Deutschland,<\/p>\n<p>Zun\u00e4chst m\u00f6chte ich Ihnen f\u00fcr die im letzten Jahr geleistete Arbeit danken. Mit Ihrer T\u00e4tigkeit sensibilisieren Sie die Menschen in Deutschland f\u00fcr Pal\u00e4stina und tragen zur \u00f6ffentlichen Meinungsbildung bei. Ihre Wortmeldungen und Beitr\u00e4ge zeigen uns immer wieder die Verbundenheit mit Pal\u00e4stina und daf\u00fcr danke ich Ihnen sehr.<!--more--><\/p>\n<p>Mit Blick auf die j\u00fcngsten Berichte und TV-Sendungen m\u00f6chte ich mit diesen Zeilen einige Themen ansprechen. Das Hervorheben von ein oder zwei Themen soll sicherstellen, dass diese st\u00e4rker Beachtung finden. Weder soll jemand irregef\u00fchrt werden noch sich schlecht oder falsch informiert f\u00fchlen. Damit kann die Professionalit\u00e4t und Integrit\u00e4t in der deutschen Medienberichterstattung, wie vom Pressekodex vorgesehen, aufrechterhalten werden.<\/p>\n<ol>\n<li>Wenn es um das Thema Pal\u00e4stina-Israel geht, gibt es nat\u00fcrlich Elemente, die unter den Beteiligten umstritten sind. Wir haben daf\u00fcr Verst\u00e4ndnis. Es gibt jedoch auch anerkannte Fakten, von denen ich einige Wichtige beispielhaft nenne: Die Stadt Bethlehem ist in Pal\u00e4stina (Sie entscheiden ob \u201ePal\u00e4stina\u201c oder \u201ein den besetzten pal\u00e4stinensischen Gebieten\u201c.) Die Stadt Hebron befindet sich in Pal\u00e4stina. Ost-Jerusalem befindet sich ebenfalls in Pal\u00e4stina. Die Besatzung ist Realit\u00e4t. Die Siedlungen sind illegal.Das sind Fragen des V\u00f6lkerrechts, die mit Ausnahme des Staates Israel von allen L\u00e4ndern der Welt akzeptiert werden. Und als solche sollten sie eindeutig als Tatsachen dargestellt werden. Die Aussage, dass die israelische Regierung diese Fakten bestreitet, ist nicht falsch. Wenn man jedoch impliziert, dass es zwei gleichgewichtige Meinungen zu diesen Fragen gibt, dann ist das irref\u00fchrend.<\/li>\n<li>In unserer Situation ist der Kontext von gro\u00dfer Bedeutung. Besonders spiegelt sich dies im deutlichen Ungleichgewicht der Machtverh\u00e4ltnisse beider Parteien wieder: auf der einen Seite Israels als Milit\u00e4rmacht und auf der anderen Seite Pal\u00e4stina, das weder souver\u00e4n noch unabh\u00e4ngig ist und wenig bis gar keine Kontrolle \u00fcber sein Hoheitsgebiet und seine Bev\u00f6lkerung hat. Diese Realit\u00e4t ist eine Tatsache.Wird der Kontext ignoriert, ist es kaum m\u00f6glich, logische Schlussfolgerungen zu ziehen. Erst mit dem Verst\u00e4ndnis vom Kontext k\u00f6nnen wir \u00fcberhaupt eine faire und gerechte L\u00f6sung f\u00fcr Pal\u00e4stinenser und Israelis erreichen.<\/li>\n<li>Beim Umgang mit T\u00f6tungen gilt die Unschuldsvermutung auch f\u00fcr die Presse (Ziff. 12 Pressekodex). In den letzten Monaten gab es viele Pal\u00e4stinenser, die nach angeblichen Angriffen auf Israels erschossen wurden. In einigen F\u00e4llen haben Ermittlungen bis heute keinen eindeutigen Beweis ergeben, abgesehen vom H\u00f6rensagen. Auch die Tatumst\u00e4nde sind umstritten. In solchen F\u00e4llen ist es unerl\u00e4sslich, dass ein vermeintlicher Angreifer als solcher durch geeignete Wortwahl, wie \u201emutma\u00dflich\u201c oder \u201evermeintlich\u201c zu bezeichnen ist. Alle F\u00e4lle, in denen ein angeblicher Angreifer anstatt ihn zu Ermittlungs- und Aufkl\u00e4rungszwecken festzunehmen, get\u00f6tet wurde, sind als \u201eau\u00dfergerichtliche T\u00f6tungen\u201c auch korrekt zu benennen.<\/li>\n<li>Obwohl die meisten Medien beide, pal\u00e4stinensische und israelische Quellen, ber\u00fccksichtigen, sind die ausgew\u00e4hlten Quellen nicht immer gleichwertig. H\u00e4ufig wird dem Zitat eines israelischen Regierungsbeamten die \u00c4u\u00dferung eines Vertreters einer politischen Partei gegen\u00fcbergestellt. Das schafft eine falsche \u00c4quivalenz und unverdienterma\u00dfen ein h\u00f6here Bedeutung mancher Stimmen und Perspektiven.<\/li>\n<li>Mit dem Ziel der objektiven Berichterstattung und frei von pers\u00f6nlichen Interessen und sachfremden Beweggr\u00fcnden ist ein wesentlicher Aspekt des Journalismus ber\u00fchrt (Pr\u00e4ambel Pressekodex). Doch in einigen F\u00e4llen, so scheint es, wird Objektivit\u00e4t mit Neutralit\u00e4t verwechselt. Eine sorgf\u00e4ltige Untersuchung der Fakten und Tatsachen kann zeigen, dass die Wahrheit auf der einen Seite der Argumentation oder auf der anderen liegt. Im Gegensatz dazu kann die neutrale Haltung, die Mitte zweiter Argumentationen, unabh\u00e4ngig von den Fakten sch\u00e4dlich sein. Denn sie schafft eine falsche Balance und gibt ein verzerrtes Bild der Wirklichkeit wieder. Wir sind der festen \u00dcberzeugung, dass objektiv dargestellte Tatsachen f\u00fcr sich selbst sprechen. Um nicht mehr, aber auch nichts, weniger regen wir an.<\/li>\n<\/ol>\n<p>Ich freue mich auf die Zusammenarbeit mit vielen von Ihnen, ob auf festen Fundamenten oder auch auf neuen Pfaden, zweifellos mit interessanten und fruchtbaren Diskussionen.<\/p>\n<p>Im Namen Pal\u00e4stinas und seiner Menschen erlaube ich mir, Ihnen allen ein gl\u00fcckliches und erfolgreiches neues Jahr zu w\u00fcnschen.<\/p>\n<p>Mit den besten Gr\u00fc\u00dfen<br \/>\nDr. Khouloud Daibes Botschafterin<\/p>\n<p><a href=\"http:\/\/nahost-forum-bremen.de\/wp-content\/uploads\/2016\/01\/16-01-19-brief-botschafterin-an-die-presse.pdf\" target=\"_blank\">hier der offizielle Text<\/a><\/p>\n","protected":false},"excerpt":{"rendered":"<p>In einem offenen Brief wendet sich Botschafterin Dr. Khouloud Daibes an Journalisten und Pressevertreter in Deutschland. Verehrte Journalisten, Medienschaffende und Vertreter der Presse in Deutschland, Zun\u00e4chst m\u00f6chte ich Ihnen f\u00fcr die im letzten Jahr geleistete Arbeit danken. Mit Ihrer T\u00e4tigkeit &hellip; <a href=\"https:\/\/dpg-netz-bremen.de\/?p=2691\">Weiterlesen <span class=\"meta-nav\">&rarr;<\/span><\/a><\/p>\n","protected":false},"author":1,"featured_media":0,"comment_status":"open","ping_status":"closed","sticky":false,"template":"","format":"standard","meta":{"ngg_post_thumbnail":0,"footnotes":""},"categories":[3],"tags":[],"class_list":["post-2691","post","type-post","status-publish","format-standard","hentry","category-allgemein"],"_links":{"self":[{"href":"https:\/\/dpg-netz-bremen.de\/index.php?rest_route=\/wp\/v2\/posts\/2691","targetHints":{"allow":["GET"]}}],"collection":[{"href":"https:\/\/dpg-netz-bremen.de\/index.php?rest_route=\/wp\/v2\/posts"}],"about":[{"href":"https:\/\/dpg-netz-bremen.de\/index.php?rest_route=\/wp\/v2\/types\/post"}],"author":[{"embeddable":true,"href":"https:\/\/dpg-netz-bremen.de\/index.php?rest_route=\/wp\/v2\/users\/1"}],"replies":[{"embeddable":true,"href":"https:\/\/dpg-netz-bremen.de\/index.php?rest_route=%2Fwp%2Fv2%2Fcomments&post=2691"}],"version-history":[{"count":8,"href":"https:\/\/dpg-netz-bremen.de\/index.php?rest_route=\/wp\/v2\/posts\/2691\/revisions"}],"predecessor-version":[{"id":2702,"href":"https:\/\/dpg-netz-bremen.de\/index.php?rest_route=\/wp\/v2\/posts\/2691\/revisions\/2702"}],"wp:attachment":[{"href":"https:\/\/dpg-netz-bremen.de\/index.php?rest_route=%2Fwp%2Fv2%2Fmedia&parent=2691"}],"wp:term":[{"taxonomy":"category","embeddable":true,"href":"https:\/\/dpg-netz-bremen.de\/index.php?rest_route=%2Fwp%2Fv2%2Fcategories&post=2691"},{"taxonomy":"post_tag","embeddable":true,"href":"https:\/\/dpg-netz-bremen.de\/index.php?rest_route=%2Fwp%2Fv2%2Ftags&post=2691"}],"curies":[{"name":"wp","href":"https:\/\/api.w.org\/{rel}","templated":true}]}}