{"id":3800,"date":"2016-11-26T11:05:39","date_gmt":"2016-11-26T10:05:39","guid":{"rendered":"http:\/\/nahost-forum-bremen.de\/?p=3800"},"modified":"2016-11-28T10:36:51","modified_gmt":"2016-11-28T09:36:51","slug":"iris-hefets-ueber-spaltungen-und-spannungen-in-der-israelischen-gesellschaft","status":"publish","type":"post","link":"https:\/\/dpg-netz-bremen.de\/?p=3800","title":{"rendered":"Iris Hefets \u00fcber Spaltungen und Spannungen in der israelischen Gesellschaft"},"content":{"rendered":"<div style=\"float: left; margin: 0 15px 5px 0;\"><iframe loading=\"lazy\" width=\"400\" height=\"225\" src=\"https:\/\/www.youtube.com\/embed\/bW_PW4uqG50?&amp;showinfo=0\" frameborder=\"0\" allowfullscreen=\"allowfullscreen\"><\/iframe><\/div>\n<div>\n<div>Iris Hefets ist J\u00fcdin, ist in Israel geboren, hat in der Armee gedient und sich vor 14 Jahren entschlossen, Israel aus politischen Gr\u00fcnden zu verlassen. Sie lebt heute in Berlin.&nbsp;&nbsp;\u00dcbrigens leben immer mehr Israelis dort. Genaue Zahlen existieren nicht, die Sch\u00e4tzungen variieren von 20.000 bis 50.000.<\/div>\n<div>\n<p>Die vorwiegend jungen Israelis kommen aus unterschiedlichen Gr\u00fcnden: Berlin gilt in Israel als hip; die Lebenshaltungskosten sind im Vergleich mit Tel Aviv oder Jerusalem viel, viel niedriger; die Studiengeb\u00fchren an den Universit\u00e4ten tendieren gegen Null; man kann dem dr\u00fcckenden Milit\u00e4rdienst entgehen;&nbsp;<\/p>\n<p><!--more-->und mit einem deutschen Pass bekommt man sofort Hartz IV, dazu Integrationskurse und Wohngeld. Viele Israelis haben einen deutschen Pass oder dr\u00e4ngen ihre Eltern oder Gro\u00dfeltern, wenn diese aus Deutschland stammen, sich einen deutschen Pass ausstellen zu lassen. Neben den Israelis mit deutschen &#8222;Wurzeln&#8220; gibt es eine andere Gruppe mit polnischen, bulgarischen oder rum\u00e4nischen P\u00e4ssen, die als EU-B\u00fcrger ebenfalls in Berlin leben und arbeiten k\u00f6nnen. Iris Hefets nannte einen weiteren wichtigen Grund daf\u00fcr, Israel zeitweilig oder f\u00fcr immer zu verlassen: homosexuelle Paare oder Paare mit verschiedener Religionszugeh\u00f6rigkeit, die heiraten wollen, da es eine zivile Ehe in Israel bekanntlich nicht gibt.&nbsp;<\/p>\n<div style=\"width: 210px\" class=\"wp-caption alignleft\"><a href=\"http:\/\/nahost-forum-bremen.de\/wp-content\/uploads\/2016\/11\/DSC08953_ji.jpg\"><img loading=\"lazy\" decoding=\"async\" width=\"200\" height=\"113\" src=\"http:\/\/nahost-forum-bremen.de\/wp-content\/uploads\/2016\/11\/DSC08953_ji.jpg\"><\/a><p class=\"wp-caption-text\">Anette Klasing begr\u00fc\u00dfte den Gast<\/p><\/div>\n<p>Politisch engagiert sind nur wenige der jungen Israelis in Berlin. Aber das Engagement nimmt zu, z.B. in der sehr israel-kritischen <a href=\"http:\/\/www.juedische-stimme.de\/\">&#8222;Stimme f\u00fcr einen gerechten Frieden in Nahost&#8220;<\/a>&nbsp;oder in der neu gegr\u00fcndeten <a href=\"https:\/\/salaamschalom.wordpress.com\/\">Initiative &#8222;Salam-Shalom&#8220;<\/a>, die sich dem Dialog zwischen Juden und Muslimen widmet und so dem in Israel verbreiteten Hass gegen Araber entgegen wirken will.&nbsp;<\/p>\n<p>Frau Hefets sprach deutsch mit einem leichten Akzent. F\u00fcr die ca. 60 Anwesenden wurde es ein faszinierender Abend. In die Villa Ichon eingeladen hatten verschiedene Bremer Organisationen (AK Nahost, Deutsch-Pal\u00e4stinensische Gesellschaft DPG, Israeli Comitee Against House Demolitions ICAHD, Bremer Friedensforum, Bremer Informationszentrum f\u00fcr Menschenrechte und Entwicklung biz). Anette Klasing hatte die Begr\u00fc\u00dfung und Detlef Griesche \u00fcbernommen.<\/p>\n<\/div>\n<div>&nbsp;<\/div>\n<div>\n<div style=\"width: 210px\" class=\"wp-caption alignleft\"><a href=\"http:\/\/nahost-forum-bremen.de\/wp-content\/uploads\/2016\/11\/P1090741_ji.jpg\"><img loading=\"lazy\" decoding=\"async\" width=\"200\" height=\"133\" src=\"http:\/\/nahost-forum-bremen.de\/wp-content\/uploads\/2016\/11\/P1090741_ji.jpg\"><\/a><p class=\"wp-caption-text\">Blick in den Saal<\/p><\/div>\n<p>Frau Hefets gab in ihrer freundlichen und zur\u00fcckhaltenden Art zu erz\u00e4hlen einen faszinierenden Einblick in die Spaltungen und Spannungen innerhalb der israelischen Gesellschaft. Sie selbst stammt aus einer Familie mit einem marokkanischen (Mutter) und russischen (Vater) Hintergrund und konnte aus eigener Erfahrung von den vielf\u00e4ltigen Diskriminierungen berichten, mit denen Israelis mit einem arabischen Hintergrund zu k\u00e4mpfen haben.<\/p>\n<\/div>\n<div>&nbsp;<\/div>\n<div>Hierzulande ist wenig bekannt, dass die Juden mit einem europ\u00e4ischen Hintergrund (Ashkenasi) in Israel in der Minderheit sind. 40 Prozent der Israelis stammen aus Europa, 40 Prozent aus arabischen oder vorwiegend arabischen L\u00e4ndern (Syrien, Irak, Libanon, Jemen, \u00c4gypten, aber auch Marokko, Tunesien und Algerien); und 20 Prozent der Bev\u00f6lkerung sind Pal\u00e4stinenser.<\/div>\n<div>&nbsp;<\/div>\n<div>Als die Familie Hefets aus Marokko nach Israel kam, kamen sie mit ihren arabischen Traditionen: Sprache, Musik, Essen &amp; Trinken, das Familienleben, Feiern, die Art zu wohnen usw. usf. waren arabisch gepr\u00e4gt. Als man es noch konnte, sei es f\u00fcr ihre Mutter selbstverst\u00e4ndlich gewesen, auf dem (arabischen) Markt in Gaza einzukaufen. Als sie als Kind in die Schule gekommen sei und sp\u00e4ter beim Milit\u00e4r und beim Studium h\u00e4tte sie schnell lernen m\u00fcssen, dass ihre Sprache und ihre Kultur nichts galten. Schlimmer noch: die Araber seien die Feinde Israels, die es vernichten wollten. Man m\u00fcsse sich, so Frau Hefets, ein Kind vorstellen, dass in den Kindergarten komme und nicht mehr arabisch sprechen solle, ja sogar lernen m\u00fcsse, dass das die Sprache des Feindes ist.<\/div>\n<div>&nbsp;<\/div>\n<div>Die meisten der arabischen Juden oder der j\u00fcdischen Araber h\u00e4tten sich sehr angepasst verhalten und versucht, sich schnell in die israelische Gesellschaft zu integrieren. Aber es h\u00e4tte auch andere Str\u00f6mungen gegeben: z. B. die teilweise sehr aktive Black-Panther-Bewegung. Sie w\u00e4re aber bald wieder neutralisiert worden.<\/div>\n<div>&nbsp;<\/div>\n<div>Iris Hefets ist Psychoanalytikerin und ging auch auf das ein, was die Gesellschaft in Israel mit den Seelen der Menschen anstellt. Wie der Druck der Anpassung die Angst sch\u00fcrt, zu Depressionen aber auch zu aggressiven Einstellungen f\u00fchrt. Frau Hefets erz\u00e4hlte &#8211; immer interessant und spannend und mit eigenen Erfahrungen garniert &#8211; aus dem Leben in der Schule, der Universit\u00e4t und nicht zuletzt dem Milit\u00e4r. Die Diskriminierung w\u00e4re allgegenw\u00e4rtig und der Hass gegen alles Arabische w\u00fcrde zunehmen. Es herrsche vor allem unter den Siedlern aber auch in der politischen Elite, die weitgehend ashkenasisch gepr\u00e4gt sei, teilweise ein Rassismus gegen alles Arabische von einer Radikalit\u00e4t wie er in Europa unvorstellbar sei.<\/div>\n<div>&nbsp;<\/div>\n<div>Das Referat und Teile der Diskussion sind anzuh\u00f6ren und zu sehen auf einem <a href=\"https:\/\/youtu.be\/xk8Nts_Oikw\">youtube-Mitschnitt (60 Minuten) der gesamten Veranstaltung<\/a>.<br \/>\n<em>S\u00f6nke Hundt<\/em><\/div>\n<div>&nbsp;<\/div>\n<\/div>\n<p>&nbsp;<\/p>\n","protected":false},"excerpt":{"rendered":"<p>Iris Hefets ist J\u00fcdin, ist in Israel geboren, hat in der Armee gedient und sich vor 14 Jahren entschlossen, Israel aus politischen Gr\u00fcnden zu verlassen. Sie lebt heute in Berlin.&nbsp;&nbsp;\u00dcbrigens leben immer mehr Israelis dort. Genaue Zahlen existieren nicht, die &hellip; <a href=\"https:\/\/dpg-netz-bremen.de\/?p=3800\">Weiterlesen <span class=\"meta-nav\">&rarr;<\/span><\/a><\/p>\n","protected":false},"author":1,"featured_media":0,"comment_status":"open","ping_status":"closed","sticky":false,"template":"","format":"standard","meta":{"ngg_post_thumbnail":0,"footnotes":""},"categories":[3],"tags":[],"class_list":["post-3800","post","type-post","status-publish","format-standard","hentry","category-allgemein"],"_links":{"self":[{"href":"https:\/\/dpg-netz-bremen.de\/index.php?rest_route=\/wp\/v2\/posts\/3800","targetHints":{"allow":["GET"]}}],"collection":[{"href":"https:\/\/dpg-netz-bremen.de\/index.php?rest_route=\/wp\/v2\/posts"}],"about":[{"href":"https:\/\/dpg-netz-bremen.de\/index.php?rest_route=\/wp\/v2\/types\/post"}],"author":[{"embeddable":true,"href":"https:\/\/dpg-netz-bremen.de\/index.php?rest_route=\/wp\/v2\/users\/1"}],"replies":[{"embeddable":true,"href":"https:\/\/dpg-netz-bremen.de\/index.php?rest_route=%2Fwp%2Fv2%2Fcomments&post=3800"}],"version-history":[{"count":36,"href":"https:\/\/dpg-netz-bremen.de\/index.php?rest_route=\/wp\/v2\/posts\/3800\/revisions"}],"predecessor-version":[{"id":3842,"href":"https:\/\/dpg-netz-bremen.de\/index.php?rest_route=\/wp\/v2\/posts\/3800\/revisions\/3842"}],"wp:attachment":[{"href":"https:\/\/dpg-netz-bremen.de\/index.php?rest_route=%2Fwp%2Fv2%2Fmedia&parent=3800"}],"wp:term":[{"taxonomy":"category","embeddable":true,"href":"https:\/\/dpg-netz-bremen.de\/index.php?rest_route=%2Fwp%2Fv2%2Fcategories&post=3800"},{"taxonomy":"post_tag","embeddable":true,"href":"https:\/\/dpg-netz-bremen.de\/index.php?rest_route=%2Fwp%2Fv2%2Ftags&post=3800"}],"curies":[{"name":"wp","href":"https:\/\/api.w.org\/{rel}","templated":true}]}}