{"id":5715,"date":"2017-12-24T09:00:30","date_gmt":"2017-12-24T09:00:30","guid":{"rendered":"http:\/\/nahost-forum-bremen.de\/?p=5715"},"modified":"2017-12-24T10:19:33","modified_gmt":"2017-12-24T10:19:33","slug":"weihnachtsgruesse-aus-bethlehem","status":"publish","type":"post","link":"https:\/\/dpg-netz-bremen.de\/?p=5715","title":{"rendered":"Weihnachtsgr\u00fc\u00dfe erreichen uns aus Bethlehem"},"content":{"rendered":"<div style=\"float: left; margin: 0 15px 5px 0;\"><iframe loading=\"lazy\" src=\"https:\/\/www.youtube.com\/embed\/pv6BukpP2kg\" allowfullscreen=\"allowfullscreen\" width=\"400\" height=\"225\" frameborder=\"0\"><span style=\"display: inline-block; width: 0px; overflow: hidden; line-height: 0;\" data-mce-type=\"bookmark\" class=\"mce_SELRES_start\">\ufeff<\/span><span style=\"display: inline-block; width: 0px; overflow: hidden; line-height: 0;\" data-mce-type=\"bookmark\" class=\"mce_SELRES_start\">\ufeff<\/span><span style=\"display: inline-block; width: 0px; overflow: hidden; line-height: 0;\" data-mce-type=\"bookmark\" class=\"mce_SELRES_start\">\ufeff<\/span><span style=\"display: inline-block; width: 0px; overflow: hidden; line-height: 0;\" data-mce-type=\"bookmark\" class=\"mce_SELRES_start\">\ufeff<\/span><span style=\"display: inline-block; width: 0px; overflow: hidden; line-height: 0;\" data-mce-type=\"bookmark\" class=\"mce_SELRES_start\">\ufeff<\/span><span style=\"display: inline-block; width: 0px; overflow: hidden; line-height: 0;\" data-mce-type=\"bookmark\" class=\"mce_SELRES_start\">\ufeff<\/span><span style=\"display: inline-block; width: 0px; overflow: hidden; line-height: 0;\" data-mce-type=\"bookmark\" class=\"mce_SELRES_start\">\ufeff<\/span><\/iframe><\/div>\n<p>&#8222;Keine Macht der Erde, weder politische Erkl\u00e4rungen noch die Besatzung k\u00f6nnen uns Angst machen oder daran hindern zu hoffen.&#8220; Mitri Raheb schickt uns seine guten W\u00fcnsche f\u00fcr eine fr\u00f6hliche Weihnacht 2017 und f\u00fcr ein gesegnetes Neues Jahr aus seiner neuen Wirkungsst\u00e4tte, dem Dar al-Kalima University College of Arts &amp; Culture in Bethlehem.<\/p>\n","protected":false},"excerpt":{"rendered":"<p>\ufeff\ufeff\ufeff\ufeff\ufeff\ufeff\ufeff &#8222;Keine Macht der Erde, weder politische Erkl\u00e4rungen noch die Besatzung k\u00f6nnen uns Angst machen oder daran hindern zu hoffen.&#8220; Mitri Raheb schickt uns seine guten W\u00fcnsche f\u00fcr eine fr\u00f6hliche Weihnacht 2017 und f\u00fcr ein gesegnetes Neues Jahr aus seiner &hellip; <a href=\"https:\/\/dpg-netz-bremen.de\/?p=5715\">Weiterlesen <span class=\"meta-nav\">&rarr;<\/span><\/a><\/p>\n","protected":false},"author":1,"featured_media":0,"comment_status":"open","ping_status":"closed","sticky":false,"template":"","format":"standard","meta":{"ngg_post_thumbnail":0,"footnotes":""},"categories":[3],"tags":[],"class_list":["post-5715","post","type-post","status-publish","format-standard","hentry","category-allgemein"],"_links":{"self":[{"href":"https:\/\/dpg-netz-bremen.de\/index.php?rest_route=\/wp\/v2\/posts\/5715","targetHints":{"allow":["GET"]}}],"collection":[{"href":"https:\/\/dpg-netz-bremen.de\/index.php?rest_route=\/wp\/v2\/posts"}],"about":[{"href":"https:\/\/dpg-netz-bremen.de\/index.php?rest_route=\/wp\/v2\/types\/post"}],"author":[{"embeddable":true,"href":"https:\/\/dpg-netz-bremen.de\/index.php?rest_route=\/wp\/v2\/users\/1"}],"replies":[{"embeddable":true,"href":"https:\/\/dpg-netz-bremen.de\/index.php?rest_route=%2Fwp%2Fv2%2Fcomments&post=5715"}],"version-history":[{"count":10,"href":"https:\/\/dpg-netz-bremen.de\/index.php?rest_route=\/wp\/v2\/posts\/5715\/revisions"}],"predecessor-version":[{"id":5723,"href":"https:\/\/dpg-netz-bremen.de\/index.php?rest_route=\/wp\/v2\/posts\/5715\/revisions\/5723"}],"wp:attachment":[{"href":"https:\/\/dpg-netz-bremen.de\/index.php?rest_route=%2Fwp%2Fv2%2Fmedia&parent=5715"}],"wp:term":[{"taxonomy":"category","embeddable":true,"href":"https:\/\/dpg-netz-bremen.de\/index.php?rest_route=%2Fwp%2Fv2%2Fcategories&post=5715"},{"taxonomy":"post_tag","embeddable":true,"href":"https:\/\/dpg-netz-bremen.de\/index.php?rest_route=%2Fwp%2Fv2%2Ftags&post=5715"}],"curies":[{"name":"wp","href":"https:\/\/api.w.org\/{rel}","templated":true}]}}