{"id":8849,"date":"2018-11-19T10:21:45","date_gmt":"2018-11-19T10:21:45","guid":{"rendered":"http:\/\/nahost-forum-bremen.de\/?p=8849"},"modified":"2018-11-19T10:26:28","modified_gmt":"2018-11-19T10:26:28","slug":"ich-werde-nicht-hassen-ein-bewegendes-theaterstueck-im-gemeindezentrum-zion","status":"publish","type":"post","link":"https:\/\/dpg-netz-bremen.de\/?p=8849","title":{"rendered":"&#8222;Ich werde nicht hassen&#8220; &#8211; ein bewegendes Theaterst\u00fcck im Gemeindezentrum Zion"},"content":{"rendered":"<p><img loading=\"lazy\" decoding=\"async\" class=\"alignleft size-medium wp-image-8851\" src=\"http:\/\/nahost-forum-bremen.de\/wp-content\/uploads\/2018\/11\/20181117_192820_ji-298x300.jpg\" alt=\"\" width=\"298\" height=\"300\" srcset=\"https:\/\/dpg-netz-bremen.de\/wp-content\/uploads\/2018\/11\/20181117_192820_ji-298x300.jpg 298w, https:\/\/dpg-netz-bremen.de\/wp-content\/uploads\/2018\/11\/20181117_192820_ji-300x302.jpg 300w, https:\/\/dpg-netz-bremen.de\/wp-content\/uploads\/2018\/11\/20181117_192820_ji-768x773.jpg 768w, https:\/\/dpg-netz-bremen.de\/wp-content\/uploads\/2018\/11\/20181117_192820_ji-1017x1024.jpg 1017w, https:\/\/dpg-netz-bremen.de\/wp-content\/uploads\/2018\/11\/20181117_192820_ji.jpg 1950w\" sizes=\"auto, (max-width: 298px) 100vw, 298px\" \/> Am 16. Januar 2009 verlor der Arzt Izzeldin Abuelaish drei seiner T\u00f6chter und eine Nichte, als zwei israelische Panzergranaten in sein Haus in Gaza einschlugen. Sein Bruder und eine weitere Tochter wurden schwer verletzt. Der Arzt erlangte traurige Ber\u00fchmtheit, weil es ihm wegen seiner guten Verbindungen nach Israel noch w\u00e4hrend des Angriffs gelang, seinen Freund, den Fernsehjournalisten Shlomi Eldar mitten in einer Interviewsendung (auf Channel 10) anzurufen und von ihm life zugeschaltet zu werden. So konnten die israelischen Zuschauer und Zuschauerinnen seine Anklagen und Hilferufe miterleben. &#8222;Sie haben mein Haus bombardiert. Sie haben meine T\u00f6chter get\u00f6tet. Was haben wir getan?&#8220;<!--more--><\/p>\n<p><img loading=\"lazy\" decoding=\"async\" class=\"alignleft size-medium wp-image-8853\" src=\"http:\/\/nahost-forum-bremen.de\/wp-content\/uploads\/2018\/11\/20181117_203953_ji-284x300.jpg\" alt=\"\" width=\"284\" height=\"300\" srcset=\"https:\/\/dpg-netz-bremen.de\/wp-content\/uploads\/2018\/11\/20181117_203953_ji-284x300.jpg 284w, https:\/\/dpg-netz-bremen.de\/wp-content\/uploads\/2018\/11\/20181117_203953_ji-300x316.jpg 300w, https:\/\/dpg-netz-bremen.de\/wp-content\/uploads\/2018\/11\/20181117_203953_ji-768x810.jpg 768w, https:\/\/dpg-netz-bremen.de\/wp-content\/uploads\/2018\/11\/20181117_203953_ji-971x1024.jpg 971w, https:\/\/dpg-netz-bremen.de\/wp-content\/uploads\/2018\/11\/20181117_203953_ji.jpg 1960w\" sizes=\"auto, (max-width: 284px) 100vw, 284px\" \/> <img loading=\"lazy\" decoding=\"async\" class=\"alignleft size-medium wp-image-8852\" src=\"http:\/\/nahost-forum-bremen.de\/wp-content\/uploads\/2018\/11\/20181117_203230_ji-300x209.jpg\" alt=\"\" width=\"300\" height=\"209\" srcset=\"https:\/\/dpg-netz-bremen.de\/wp-content\/uploads\/2018\/11\/20181117_203230_ji-300x209.jpg 300w, https:\/\/dpg-netz-bremen.de\/wp-content\/uploads\/2018\/11\/20181117_203230_ji-768x535.jpg 768w, https:\/\/dpg-netz-bremen.de\/wp-content\/uploads\/2018\/11\/20181117_203230_ji-1024x713.jpg 1024w, https:\/\/dpg-netz-bremen.de\/wp-content\/uploads\/2018\/11\/20181117_203230_ji-431x300.jpg 431w, https:\/\/dpg-netz-bremen.de\/wp-content\/uploads\/2018\/11\/20181117_203230_ji.jpg 1813w\" sizes=\"auto, (max-width: 300px) 100vw, 300px\" \/>Izzeldin Abuelaish hat eine gro\u00dfe Karriere als Arzt gemacht. Er schaffte es als erstes Fl\u00fcchtlingskind aus Gaza, Medizin zu studieren, arbeitete als Spezialist an einem israelischen Krankenhaus und erhielt sogar ein Stipendium an die Harvard-University. Seine einst wohlhabende Familie war nach der Gr\u00fcndung des Staates Israel 1948 aus ihrem Dorf nahe der heutigen Grenzstadt Sderot vertrieben worden und hatte sich nach Gaza gefl\u00fcchtet. Nach dem Sechs-Tage-Krieg 1967 wurde die Situation f\u00fcr die Pal\u00e4stinenser in Gaza unter den Bedingungen der Besatzung immer schlimmer. Abuelaish musste als 15-j\u00e4hriger mit ansehen, wie das Haus, in dem seine Familie wohnte, von Bulldozern niedergewalzt wurde. W\u00e4hrend sein Bruder sich der Fatah von Jassir Arafat anschloss, gelang es dem jungen Abuelaish, in Kairo und sp\u00e4ter in London Medizin zu studieren und noch ein Masterstudium an der Harvard University in den USA anzuschlie\u00dfen.<\/p>\n<p>Nach dem Tod seiner T\u00f6chter erhielt er eine Stelle an der University of Toronto und wanderte mit seinen Kindern nach Kanada aus. Zum Gedenken an seine T\u00f6chter rief er die \u201cDaughters for Life Foundation\u201c ins Leben. Au\u00dferdem schrieb er das Buch I SHALL NOT HATE, das in den USA und Kanada zum Bestseller und in 12 Sprachen \u00fcbersetzt wurde. &#8222;Ich werde nicht hassen, das habe ich meinen toten T\u00f6chtern versprochen&#8220;, sagt der Arzt heute. &#8222;Und dieses Versprechen werde ich nie brechen. Aber die israelische Regierung muss endlich die Besatzung beenden, damit die Pal\u00e4stinenser frei leben k\u00f6nnen. Und auch die Israelis w\u00e4ren dann davon befreit, Besatzer und Unterdr\u00fccker zu sein. Wir wollen, dass auch sie frei von Angst leben und nicht mehr nur zu milit\u00e4rischen Mitteln greifen.&#8220;<\/p>\n<p>2010, 2011 und 2013 wurde Dr. Izzeldin Abuelaish f\u00fcr den Friedensnobelpreis nominiert.<\/p>\n<p>Das Buch &#8222;Du sollst nicht hassen&#8220; ist inzwischen von Silvia Armbruster und Ernst Konarek als Monolog f\u00fcr die B\u00fchne dramatisiert und in verschiedenen Inszenierungen (unter anderem in M\u00fcnster, Stuttgart, Hamburg, K\u00f6ln, Bonn-Bad Godesberg, N\u00fcrnberg, Solingen und Braunschweig) aufgef\u00fchrt worden. Verschiedenen Organisationen in Bremen (Deutsch-Pal\u00e4stinensische Gesellschaft, AK Nahost, Bremer Friedensforum, Bremer Informationszentrum f\u00fcr Menschenrechte und Entwicklung BIZ, Kairos Pal\u00e4stina Solidarit\u00e4tsnetz Gruppe Bremen, Stiftung &#8222;Die Schwelle&#8220;) war es gelungen, das ber\u00fchmte Theaterst\u00fcck am 17. November 2018 auch nach Bremen zu holen.<\/p>\n<p>Es wurde ein bewegender Abend im Theatersaal des Gemeindezentrums Zion. Dem Schauspieler Michael Morgenstern gelang es, in die Rolle des Arztes zu schl\u00fcpfen und mit Hilfe von minimalen Film-, Beleuchtungs- und Ger\u00e4uscheffekten dessen Geschichte, die seiner Famlie, die Vertreibung, das immer schwieriger und bedrohlicher werdende Leben und \u00dcberleben im abgeriegelten Gaza, die laufenden Dem\u00fctigungen an den Checkpoints und schlie\u00dflich die Bombardierung seines Hauses und den Tod seiner T\u00f6chter lebendig werden zu lassen. Die Lebensumst\u00e4nde in Gaza &#8211; unter der Verantwortung der israelischen Besatzung &#8211; sind eigentlich nicht fassbar, sie \u00fcberschreiten die Grenzen des Vorstellbaren. Michael Morgenstern gelang es trotzdem durch sein unglaublich intensives und virtuoses Spiel, an diesem Abend einiges von der zivilisatorischen Katastrophe, die gerade jetzt wieder in Gaza sich abspielt, sp\u00fcrbar werden zu lassen.<br \/>\n<em>S\u00f6nke Hundt<\/em><\/p>\n","protected":false},"excerpt":{"rendered":"<p>Am 16. Januar 2009 verlor der Arzt Izzeldin Abuelaish drei seiner T\u00f6chter und eine Nichte, als zwei israelische Panzergranaten in sein Haus in Gaza einschlugen. Sein Bruder und eine weitere Tochter wurden schwer verletzt. Der Arzt erlangte traurige Ber\u00fchmtheit, weil &hellip; <a href=\"https:\/\/dpg-netz-bremen.de\/?p=8849\">Weiterlesen <span class=\"meta-nav\">&rarr;<\/span><\/a><\/p>\n","protected":false},"author":1,"featured_media":0,"comment_status":"closed","ping_status":"closed","sticky":false,"template":"","format":"standard","meta":{"ngg_post_thumbnail":0,"footnotes":""},"categories":[3],"tags":[],"class_list":["post-8849","post","type-post","status-publish","format-standard","hentry","category-allgemein"],"_links":{"self":[{"href":"https:\/\/dpg-netz-bremen.de\/index.php?rest_route=\/wp\/v2\/posts\/8849","targetHints":{"allow":["GET"]}}],"collection":[{"href":"https:\/\/dpg-netz-bremen.de\/index.php?rest_route=\/wp\/v2\/posts"}],"about":[{"href":"https:\/\/dpg-netz-bremen.de\/index.php?rest_route=\/wp\/v2\/types\/post"}],"author":[{"embeddable":true,"href":"https:\/\/dpg-netz-bremen.de\/index.php?rest_route=\/wp\/v2\/users\/1"}],"replies":[{"embeddable":true,"href":"https:\/\/dpg-netz-bremen.de\/index.php?rest_route=%2Fwp%2Fv2%2Fcomments&post=8849"}],"version-history":[{"count":6,"href":"https:\/\/dpg-netz-bremen.de\/index.php?rest_route=\/wp\/v2\/posts\/8849\/revisions"}],"predecessor-version":[{"id":8858,"href":"https:\/\/dpg-netz-bremen.de\/index.php?rest_route=\/wp\/v2\/posts\/8849\/revisions\/8858"}],"wp:attachment":[{"href":"https:\/\/dpg-netz-bremen.de\/index.php?rest_route=%2Fwp%2Fv2%2Fmedia&parent=8849"}],"wp:term":[{"taxonomy":"category","embeddable":true,"href":"https:\/\/dpg-netz-bremen.de\/index.php?rest_route=%2Fwp%2Fv2%2Fcategories&post=8849"},{"taxonomy":"post_tag","embeddable":true,"href":"https:\/\/dpg-netz-bremen.de\/index.php?rest_route=%2Fwp%2Fv2%2Ftags&post=8849"}],"curies":[{"name":"wp","href":"https:\/\/api.w.org\/{rel}","templated":true}]}}