{"id":8860,"date":"2018-11-22T04:33:17","date_gmt":"2018-11-22T04:33:17","guid":{"rendered":"http:\/\/nahost-forum-bremen.de\/?p=8860"},"modified":"2018-11-22T04:33:17","modified_gmt":"2018-11-22T04:33:17","slug":"zu-europa-sagen-wir-vermischt-kritik-an-israel-nicht-mit-antisemitismus","status":"publish","type":"post","link":"https:\/\/dpg-netz-bremen.de\/?p=8860","title":{"rendered":"Zu Europa sagen wir: Vermischt Kritik an Israel nicht mit Antisemitismus!"},"content":{"rendered":"<p>Anl\u00e4sslich einer Konferenz der \u00f6sterreichischen Regierung im Kontext ihres EU-Ratsvorsitzes unter dem Titel \u201eEuropa jenseits von Antisemitismus und Antizionismus \u2013 Sicherung j\u00fcdischen Lebens in Europa\u201c wenden sich Dutzende Israelische Intellektuelle &#8211; darunter die Holocaust- und Antisemitismusforscher*innen, Historiker*innen und Soziolog*innen <strong>Eva Illouz, Jose Brunner, Moshe Zimmerman, Moshe Zuckermann, Idith Zertal, Zeev Sternhell<\/strong> und <strong>Dalia Ofer<\/strong>, die Israel-Preistr\u00e4ger*innen (h\u00f6chste Auszeichnung des Staats Israel) <strong>Michal Naaman, David Shulman, David Tartakover <\/strong>und <strong>Daniel Karavan<\/strong> (Sch\u00f6pfer des Denkmals f\u00fcr die Sinti- und Roma-Opfer des Nationalsozialismus in Berlin) &#8211; an die europ\u00e4ische \u00d6ffentlichkeit.<!--more--><\/p>\n<p>In ihrem Brief (angeh\u00e4ngt auf Deutsch) unterstreichen sie ihre Unterst\u00fctzung f\u00fcr den kompromisslosen Kampf gegen den Antisemitismus voll und ganz und sehen im gegenw\u00e4rtigen Erstarken des Antisemitismus eine reelle Gefahr. Aber, sie kritisieren scharf folgenden Satz in der Konferenzeinladung: \u201eAntisemitismus findet seinen Ausdruck sehr oft in \u00fcbertriebener und unverh\u00e4ltnism\u00e4\u00dfiger Kritik am Staat Israel.\u201c Dazu schreiben sie: <em>\u201eDiese Worte geben die Antisemitismusdefinition der Internationalen Allianz f\u00fcr Holocaust-Gedenken (IHRA) wieder. Mehrere Beispiele f\u00fcr zeitgen\u00f6ssischen Antisemitismus, die sich der Definition anschlie\u00dfen, beziehen sich auf harsche Kritik an Israel. Im Ergebnis kann die Definition gef\u00e4hrlich instrumentalisiert werden, um Israel Immunit\u00e4t gegen Kritik an schwerwiegenden und verbreiteten Menschen- und V\u00f6lkerrechtsverletzungen zu verschaffen \u2013 Kritik, die f\u00fcr legitim erachtet wird, wenn sie sich gegen andere L\u00e4nder richtet.\u201c<\/em><\/p>\n<p>Der Brief endet mit: \u201e<em>Als israelische Gelehrte, deren Mehrheit j\u00fcdische Geschichte erforscht und lehrt, sagen wir zu Europa: Bek\u00e4mpft den Antisemitismus unnachgiebig, um j\u00fcdisches Leben in Europa zu sch\u00fctzen, und erm\u00f6glicht, dass es zur Bl\u00fcte gelangt. Erhaltet dabei die klare Unterscheidung zwischen Kritik am Staat Israel, so harsch sie auch sein m\u00f6ge, und Antisemitismus aufrecht. Vermischt nicht Antizionismus mit Antisemitismus. Und sch\u00fctzt die Rede- und Meinungsfreiheit derjenigen, die die israelische Besatzung ablehnen und darauf bestehen, dass sie endet.\u201c<\/em><\/p>\n<p>Siehe auch: <a href=\"https:\/\/diepresse.com\/home\/ausland\/aussenpolitik\/5532530\/Vermischt-Kritik-am-Staat-Israel-nicht-mit-Antisemitismus\">https:\/\/diepresse.com\/home\/ausland\/aussenpolitik\/5532530\/Vermischt-Kritik-am-Staat-Israel-nicht-mit-Antisemitismus<\/a><\/p>\n<p><em>Herzliche Gr\u00fc\u00dfe<\/em><br \/>\n<em>Tsafrir Cohen<\/em><br \/>\n<em>Tsafrir Cohen&nbsp;\u2022&nbsp;Head of Office<\/em><br \/>\n<em>Rosa Luxemburg Stiftung&nbsp;Israel Office&nbsp;<\/em><br \/>\n<em>11, Rothschild Blvd.,&nbsp;Tel Aviv<\/em><\/p>\n","protected":false},"excerpt":{"rendered":"<p>Anl\u00e4sslich einer Konferenz der \u00f6sterreichischen Regierung im Kontext ihres EU-Ratsvorsitzes unter dem Titel \u201eEuropa jenseits von Antisemitismus und Antizionismus \u2013 Sicherung j\u00fcdischen Lebens in Europa\u201c wenden sich Dutzende Israelische Intellektuelle &#8211; darunter die Holocaust- und Antisemitismusforscher*innen, Historiker*innen und Soziolog*innen Eva &hellip; <a href=\"https:\/\/dpg-netz-bremen.de\/?p=8860\">Weiterlesen <span class=\"meta-nav\">&rarr;<\/span><\/a><\/p>\n","protected":false},"author":1,"featured_media":0,"comment_status":"closed","ping_status":"closed","sticky":false,"template":"","format":"standard","meta":{"ngg_post_thumbnail":0,"footnotes":""},"categories":[3],"tags":[],"class_list":["post-8860","post","type-post","status-publish","format-standard","hentry","category-allgemein"],"_links":{"self":[{"href":"https:\/\/dpg-netz-bremen.de\/index.php?rest_route=\/wp\/v2\/posts\/8860","targetHints":{"allow":["GET"]}}],"collection":[{"href":"https:\/\/dpg-netz-bremen.de\/index.php?rest_route=\/wp\/v2\/posts"}],"about":[{"href":"https:\/\/dpg-netz-bremen.de\/index.php?rest_route=\/wp\/v2\/types\/post"}],"author":[{"embeddable":true,"href":"https:\/\/dpg-netz-bremen.de\/index.php?rest_route=\/wp\/v2\/users\/1"}],"replies":[{"embeddable":true,"href":"https:\/\/dpg-netz-bremen.de\/index.php?rest_route=%2Fwp%2Fv2%2Fcomments&post=8860"}],"version-history":[{"count":2,"href":"https:\/\/dpg-netz-bremen.de\/index.php?rest_route=\/wp\/v2\/posts\/8860\/revisions"}],"predecessor-version":[{"id":8862,"href":"https:\/\/dpg-netz-bremen.de\/index.php?rest_route=\/wp\/v2\/posts\/8860\/revisions\/8862"}],"wp:attachment":[{"href":"https:\/\/dpg-netz-bremen.de\/index.php?rest_route=%2Fwp%2Fv2%2Fmedia&parent=8860"}],"wp:term":[{"taxonomy":"category","embeddable":true,"href":"https:\/\/dpg-netz-bremen.de\/index.php?rest_route=%2Fwp%2Fv2%2Fcategories&post=8860"},{"taxonomy":"post_tag","embeddable":true,"href":"https:\/\/dpg-netz-bremen.de\/index.php?rest_route=%2Fwp%2Fv2%2Ftags&post=8860"}],"curies":[{"name":"wp","href":"https:\/\/api.w.org\/{rel}","templated":true}]}}