{"id":8881,"date":"2018-12-07T08:38:50","date_gmt":"2018-12-07T08:38:50","guid":{"rendered":"http:\/\/nahost-forum-bremen.de\/?p=8881"},"modified":"2018-12-07T08:40:20","modified_gmt":"2018-12-07T08:40:20","slug":"vorwuerfe-aus-israel-u-a-gegen-das-juedische-museum-in-berlin","status":"publish","type":"post","link":"https:\/\/dpg-netz-bremen.de\/?p=8881","title":{"rendered":"Vorw\u00fcrfe aus Israel u.a. gegen das J\u00fcdische Museum in Berlin"},"content":{"rendered":"<div>\n<div id=\"attachment_8883\" style=\"width: 310px\" class=\"wp-caption alignleft\"><a href=\"http:\/\/nahost-forum-bremen.de\/wp-content\/uploads\/2018\/12\/18-12-07-JewishMuseumBerlinAerial.jpg\"><img loading=\"lazy\" decoding=\"async\" aria-describedby=\"caption-attachment-8883\" class=\"wp-image-8883 size-medium\" src=\"http:\/\/nahost-forum-bremen.de\/wp-content\/uploads\/2018\/12\/18-12-07-JewishMuseumBerlinAerial-300x197.jpg\" alt=\"\" width=\"300\" height=\"197\" srcset=\"https:\/\/dpg-netz-bremen.de\/wp-content\/uploads\/2018\/12\/18-12-07-JewishMuseumBerlinAerial-300x197.jpg 300w, https:\/\/dpg-netz-bremen.de\/wp-content\/uploads\/2018\/12\/18-12-07-JewishMuseumBerlinAerial-457x300.jpg 457w, https:\/\/dpg-netz-bremen.de\/wp-content\/uploads\/2018\/12\/18-12-07-JewishMuseumBerlinAerial.jpg 649w\" sizes=\"auto, (max-width: 300px) 100vw, 300px\" \/><\/a><p id=\"caption-attachment-8883\" class=\"wp-caption-text\">Foto: wikimedia commons<\/p><\/div>\n<p>Der Bundesregierung ist ein bemerkenswertes Schreiben aus Israel zugegangen. Wie die taz exklusiv berichtete, ist die Bundesregierung aufgefordert worden, die Unterst\u00fctzung f\u00fcr Dutzende Menschenrechtsorganisationen in Israel und den pal\u00e4stinensischen Gebieten &#8222;grunds\u00e4tzlich zu \u00fcberdenken&#8220;.<\/p>\n<p><i>Neben politischen Stiftungen,&nbsp;kirchlichen Hilfsorganisationen und ihren Partnern in Israel und&nbsp;Pal\u00e4stina betrifft die Beschwerde auch \u201eAnti-Israel-Aktivit\u00e4ten\u201c des&nbsp;J\u00fcdischen Museums in Berlin sowie die deutsche F\u00f6rderung&nbsp;von Filmen von&nbsp;vermeintlichen Unterst\u00fctzern der Boykottbewegung BDS&nbsp;(s.u.) &#8230;<\/i><\/p>\n<\/div>\n<p><!--more-->Mit Unverst\u00e4ndnis reagierte das J\u00fcdische Museum in Berlin. In dem Papier hei\u00dft es, eine derzeit laufende Ausstellung \u00fcber Jerusalem gebe \u201egr\u00f6\u00dftenteils die muslimisch-pal\u00e4stinensische Sichtweise\u201c wieder. Au\u00dferdem \u201everanstaltet das Museum regelm\u00e4\u00dfig Veranstaltungen und Diskussionen mit prominenten BDS-Unterst\u00fctzern\u201c.<\/p>\n<div>\n<p>Eine Sprecherin des J\u00fcdischen Museums zeigte sich in einer Erkl\u00e4rung erstaunt: \u201eWir sind der \u00dcberzeugung, dass eine offene Diskussion unter Einbeziehung teils auch kontroverser Sichtweisen unabdinglich ist, um unseren Besucher*innen zu erm\u00f6glichen, sich ein eigenes, differenziertes Urteil zu bilden.\u201c Die Ansichten, die ReferentInnen im Rahmen von Veranstaltungen \u00e4u\u00dferten, seien private Meinungs\u00e4u\u00dferungen.<\/p>\n<\/div>\n<p><i>Die&nbsp;Vorw\u00fcrfe wiegen in dem siebenseitigen Schreiben wiegen schwer. \u201eDie deutsche F\u00f6rderung von Nichtregierungsorganisationen, die in die inneren Angelegenheiten&nbsp;Israels eingreifen oder Anti-Israel-Aktivit\u00e4ten f\u00f6rdern, ist&nbsp;einzigartig\u201c. So widerspreche&nbsp;etwa die F\u00f6rderung des Magazins&nbsp;+972&nbsp;durch die Gr\u00fcnen-nahe&nbsp;Heinrich-B\u00f6ll-Stiftung israelischen Interessen. Denn \u201edie Autoren&nbsp;beschuldigen Israel regelm\u00e4\u00dfig der Apartheid\u201c.<\/i><\/p>\n<p>Das evangelische Hilfswerk Brot&nbsp;f\u00fcr die Welt f\u00f6rdere Initiativen wie Coalition of Women for Peace, die&nbsp;Boykottkampagnen gegen Israel unterst\u00fctzten. Auch die Linken-nahe&nbsp;Rosa-Luxemburg-Stiftung, das katholische&nbsp;Hilfswerk Misereor sowie die&nbsp;Hilfsorganisationen Medico International und Kurve Wustrow sind von der&nbsp;Beschwerde betroffen. Aufgelistet sind auch F\u00f6rderprogramme des&nbsp;Entwicklungsministeriums und des Ausw\u00e4rtigen&nbsp;Amts.<\/p>\n<p>Betroffene zeigten gegen\u00fcber der&nbsp;taz Unverst\u00e4ndnis f\u00fcr die Anschuldigungen. Partner in Israel und&nbsp;Pal\u00e4stina w\u00fcrden sorgf\u00e4ltig ausgew\u00e4hlt. Auch das Ausw\u00e4rtige Amt nehme&nbsp;Unbedenklichkeitspr\u00fcfungen vor, bevor Mittel f\u00fcr&nbsp;Projekte bereitgestellt&nbsp;w\u00fcrden, teilte die Bundesregierung mit. Die B\u00f6ll-Stiftung bezeichnete&nbsp;die Vorw\u00fcrfe gegen sie als \u201eabsurd\u201c. \u2026<\/p>\n<div>Den gesamten Bericht zu dem Vorgang finden Sie hier:&nbsp;<a href=\"https:\/\/taz.de\/Schreiben-liegt-der-taz-exklusiv-vor\/%215553564\/?fbclid=IwAR0Tk2zFPAbv2udpw7iVu3m5LjEYOHgNOtw5Pajvool0TfT93lE5P9uvjAI\">https:\/\/taz.de\/Schreiben-liegt-der-taz-exklusiv-vor\/!5553564\/?fbclid=IwAR0Tk2zFPAbv2udpw7iVu3m5LjEYOHgNOtw5Pajvool0TfT93lE5P9uvjAI<\/a><\/div>\n<div>&nbsp;<\/div>\n<div>Das im Schreiben erw\u00e4hnte Magazin +972 bezog in einem eigenen Bericht zu dem Vorgang soeben Stellung. Man werde die kritische, journalistisch sorgf\u00e4ltige Berichterstattung mit dem Ziel, ein Ende der Besatzung, Menschenrechte und demokratische Werte f\u00fcr Israel-Pal\u00e4stina zu erreichen, auch nach diesen Angriffen auf keinen Fall \u00e4ndern:&nbsp;<a href=\"https:\/\/972mag.com\/israel-defund-972-magazine\/139073\/\">https:\/\/972mag.com\/israel-defund-972-magazine\/139073\/<\/a><\/div>\n<div>Quelle (mit freundlicher Genehmigung): <a href=\"http:\/\/www.palaestina-nachrichten.de\/\" target=\"_blank\" rel=\"noopener\">http:\/\/www.palaestina-nachrichten.de\/<\/a><\/div>\n<div>&nbsp;<\/div>\n","protected":false},"excerpt":{"rendered":"<p>Der Bundesregierung ist ein bemerkenswertes Schreiben aus Israel zugegangen. Wie die taz exklusiv berichtete, ist die Bundesregierung aufgefordert worden, die Unterst\u00fctzung f\u00fcr Dutzende Menschenrechtsorganisationen in Israel und den pal\u00e4stinensischen Gebieten &#8222;grunds\u00e4tzlich zu \u00fcberdenken&#8220;. Neben politischen Stiftungen,&nbsp;kirchlichen Hilfsorganisationen und ihren Partnern &hellip; <a href=\"https:\/\/dpg-netz-bremen.de\/?p=8881\">Weiterlesen <span class=\"meta-nav\">&rarr;<\/span><\/a><\/p>\n","protected":false},"author":1,"featured_media":0,"comment_status":"closed","ping_status":"closed","sticky":false,"template":"","format":"standard","meta":{"ngg_post_thumbnail":0,"footnotes":""},"categories":[3],"tags":[],"class_list":["post-8881","post","type-post","status-publish","format-standard","hentry","category-allgemein"],"_links":{"self":[{"href":"https:\/\/dpg-netz-bremen.de\/index.php?rest_route=\/wp\/v2\/posts\/8881","targetHints":{"allow":["GET"]}}],"collection":[{"href":"https:\/\/dpg-netz-bremen.de\/index.php?rest_route=\/wp\/v2\/posts"}],"about":[{"href":"https:\/\/dpg-netz-bremen.de\/index.php?rest_route=\/wp\/v2\/types\/post"}],"author":[{"embeddable":true,"href":"https:\/\/dpg-netz-bremen.de\/index.php?rest_route=\/wp\/v2\/users\/1"}],"replies":[{"embeddable":true,"href":"https:\/\/dpg-netz-bremen.de\/index.php?rest_route=%2Fwp%2Fv2%2Fcomments&post=8881"}],"version-history":[{"count":5,"href":"https:\/\/dpg-netz-bremen.de\/index.php?rest_route=\/wp\/v2\/posts\/8881\/revisions"}],"predecessor-version":[{"id":8887,"href":"https:\/\/dpg-netz-bremen.de\/index.php?rest_route=\/wp\/v2\/posts\/8881\/revisions\/8887"}],"wp:attachment":[{"href":"https:\/\/dpg-netz-bremen.de\/index.php?rest_route=%2Fwp%2Fv2%2Fmedia&parent=8881"}],"wp:term":[{"taxonomy":"category","embeddable":true,"href":"https:\/\/dpg-netz-bremen.de\/index.php?rest_route=%2Fwp%2Fv2%2Fcategories&post=8881"},{"taxonomy":"post_tag","embeddable":true,"href":"https:\/\/dpg-netz-bremen.de\/index.php?rest_route=%2Fwp%2Fv2%2Ftags&post=8881"}],"curies":[{"name":"wp","href":"https:\/\/api.w.org\/{rel}","templated":true}]}}