{"id":9619,"date":"2019-09-16T14:23:52","date_gmt":"2019-09-16T14:23:52","guid":{"rendered":"http:\/\/nahost-forum-bremen.de\/?p=9619"},"modified":"2019-09-16T14:24:48","modified_gmt":"2019-09-16T14:24:48","slug":"women-wage-peace-juedische-und-palaestinensische-frauen-wollen-den-frieden","status":"publish","type":"post","link":"https:\/\/dpg-netz-bremen.de\/?p=9619","title":{"rendered":"Women wage peace.  J\u00fcdische und Pal\u00e4stinensische Frauen wollen den Frieden"},"content":{"rendered":"<div style=\"float: left; margin: 0 15px 5px 0;\"><iframe loading=\"lazy\" src=\"https:\/\/www.youtube.com\/embed\/YyFM-pWdqrY\" width=\"400\" height=\"225\" frameborder=\"0\" allowfullscreen=\"allowfullscreen\"><span style=\"display: inline-block; width: 0px; overflow: hidden; line-height: 0;\" data-mce-type=\"bookmark\" class=\"mce_SELRES_start\">\ufeff<\/span><span style=\"display: inline-block; width: 0px; overflow: hidden; line-height: 0;\" data-mce-type=\"bookmark\" class=\"mce_SELRES_start\">\ufeff<\/span><span style=\"display: inline-block; width: 0px; overflow: hidden; line-height: 0;\" data-mce-type=\"bookmark\" class=\"mce_SELRES_start\">\ufeff<\/span><span style=\"display: inline-block; width: 0px; overflow: hidden; line-height: 0;\" data-mce-type=\"bookmark\" class=\"mce_SELRES_start\">\ufeff<\/span><span style=\"display: inline-block; width: 0px; overflow: hidden; line-height: 0;\" data-mce-type=\"bookmark\" class=\"mce_SELRES_start\">\ufeff<\/span><span style=\"display: inline-block; width: 0px; overflow: hidden; line-height: 0;\" data-mce-type=\"bookmark\" class=\"mce_SELRES_start\">\ufeff<\/span><span style=\"display: inline-block; width: 0px; overflow: hidden; line-height: 0;\" data-mce-type=\"bookmark\" class=\"mce_SELRES_start\">\ufeff<\/span><span style=\"display: inline-block; width: 0px; overflow: hidden; line-height: 0;\" data-mce-type=\"bookmark\" class=\"mce_SELRES_start\">\ufeff<\/span><span style=\"display: inline-block; width: 0px; overflow: hidden; line-height: 0;\" data-mce-type=\"bookmark\" class=\"mce_SELRES_start\">\ufeff<\/span><span style=\"display: inline-block; width: 0px; overflow: hidden; line-height: 0;\" data-mce-type=\"bookmark\" class=\"mce_SELRES_start\">\ufeff<\/span><span style=\"display: inline-block; width: 0px; overflow: hidden; line-height: 0;\" data-mce-type=\"bookmark\" class=\"mce_SELRES_start\">\ufeff<\/span>data-mce-type=&#8220;bookmark&#8220; class=&#8220;mce_SELRES_start&#8220;&gt;\ufeff<\/iframe><\/div>\n<p><strong><em>Women Wage Peace<\/em> sind die Friedenspreistr\u00e4gerinnen 2019 der Stiftung &#8222;die Schwelle&#8220;<span style=\"font-size: medium;\">. <\/span><\/strong>Genug ist genug. Das dachten sich viele Frauen in Israel nach den blutigen, milit\u00e4rischen Auseinandersetzungen im Gaza im Sommer 2014. Sie gr\u00fcndeten <em>Women Wage Peace<\/em>, eine Graswurzelbewegung, der sich schnell Hunderte Frauen anschlossen: Im November machten sich 1000 Teilnehmerinnen aus Israel mit dem Zug auf den Weg in die Grenzstadt Sderot.<\/p>\n<p>Das Video (mit deutschen Untertiteln und inzwischen 6 Millionen mal angeklickt!) zeigt den Song &#8222;Prayer of Mothers&#8220;, der entstanden ist aus der Zusammenarbeit der Singer-Song-Writerin Yael Deckelbaum und den mutigen Frauen von <em>&#8222;Women Wage Peace&#8220;.<\/em><!--more--><\/p>\n<p>Es war die erste Aktion von WWP, der seither viele weitere gefolgt sind. So organisieren die Frauen Friedensm\u00e4rsche, demonstrieren friedlich vor dem israelischen Parlament \u2014 der Knesset \u2014 und schaffen Orte der Begegnung f\u00fcr Menschen und insbesondere Frauen aus Israel und Pal\u00e4stina. Zehnttausende Frauen und M\u00e4nner unterst\u00fctzen die Aktionen: An einem 200 Kilometer langen \u201eMarsch der Hoffnung\u201c im Herbst 2016 nahmen nach rund 30.000 Menschen aus dem ganzen Land teil. Zwei Wochen lang liefen sie vom Norden Israels nach Jerusalem.<\/p>\n<p>Mit rund 40.000 Mitgliedern gilt <em>Women Wage Peace<\/em> als gr\u00f6\u00dfte Basisbewegung in Israel. Die Bewegung zeichnet sich durch eine flache, dezentrale, eigenverantwortliche Struktur aus. Im ganzen Land gibt es mehr als 100 Ortsgruppen, die Veranstaltungen, Vortr\u00e4ge und Workshops zu Frauenbewegungen sowie nationalem und internationalem Frauenrecht organisieren.<\/p>\n<p>Dabei steht <em>Women Wage Peace<\/em> keiner politischen Partei nahe. Vielmehr will die Organisation eine breite Masse von Frauen ansprechen \u2013 insbesondere jene, die sich im Alltag nicht politisch engagieren, sich aber um das Leben ihrer Kinder und zuk\u00fcnftiger Generationen sorgen. Die Aktivistinnen geh\u00f6ren demnach diversen Gruppen und Gemeinschaften der israelischen Gesellschaft an. Sie sind jung und alt, haben unterschiedliche religi\u00f6se und weltliche Anschauungen, verschiedene politische Ansichten und kommen aus dem Zentrum des Landes und aus der Peripherie.<\/p>\n<p><em>Women Wage Peace<\/em> unterst\u00fctzt keine bestimmte L\u00f6sung des Konflikts, sondern verfolgt zwei Ziele: Die israelische Regierung soll sich an den Verhandlungstisch mit den Pal\u00e4stinensern begeben, um ein f\u00fcr beide Seiten akzeptables Friedensabkommen auszuhandeln. Dabei soll sie Frauen aus der Zivilgesellschaft bei allen Aspekten der Entscheidungsfindung beteiligen.<\/p>\n<p>Um diesem Ansinnen Nachdruck zu verleihen, sucht die Bewegung bei ihren Aktionen den Dialog mit gew\u00e4hlten Volksvertreterinnen und Volksvertretern und fordert regelm\u00e4\u00dfig Anh\u00f6rungen in politischen Gremien ein. Ein erster Erfolg: Auf Initiative von <em>Women Wage Peace<\/em> hin haben die Parlamentsmitglieder den \u201eFrauenausschuss f\u00fcr Frieden und Sicherheit\u201c in der Knesset gegr\u00fcndet.\u2018 (dieser Text ist der Ausschreibung f\u00fcr den Friedenspreis 2019 der Stiftung \u201adie schwelle\u2018 entnommen)<\/p>\n<p>Gerade erst hat die Frauenbewegung eine Woche des \u201aMarsch der Hoffnung\u2018 hinter sich: in und aus allen Teilen Israels sind (nicht nur) j\u00fcdische und pal\u00e4stinensische Frauen auf die Stra\u00dfe gegangen und haben f\u00fcr die Wiederaufnahme der Friedensverhandlungen demonstriert. Kritische Stimmen bem\u00e4ngeln, dass die Bewegung nicht klar genug gegen die Besatzung auftritt. In ihrem \u201aMission-Statement\u2018 werden Forderungen nach einem \u201agerechten Frieden\u2018 laut, aber der Terminus \u201aBesatzung\u2018 wird vermieden. Es bleibt zu hoffen und zu w\u00fcnschen, dass die Bewegung &#8211; gerade auch nach den Wahlen in Israel &#8211; weiter w\u00e4chst und der Politik der Ungerechtigkeit eine starke Stimme entgegen bringt.<\/p>\n<p><strong><span style=\"font-size: medium;\">Die Preisverleihung findet statt am 15. November 18 Uhr im Bremer Rathaus<\/span>.<\/strong><\/p>\n","protected":false},"excerpt":{"rendered":"<p>\ufeff\ufeff\ufeff\ufeff\ufeff\ufeff\ufeff\ufeff\ufeff\ufeff\ufeffdata-mce-type=&#8220;bookmark&#8220; class=&#8220;mce_SELRES_start&#8220;&gt;\ufeff Women Wage Peace sind die Friedenspreistr\u00e4gerinnen 2019 der Stiftung &#8222;die Schwelle&#8220;. Genug ist genug. Das dachten sich viele Frauen in Israel nach den blutigen, milit\u00e4rischen Auseinandersetzungen im Gaza im Sommer 2014. Sie gr\u00fcndeten Women Wage Peace, eine Graswurzelbewegung, &hellip; <a href=\"https:\/\/dpg-netz-bremen.de\/?p=9619\">Weiterlesen <span class=\"meta-nav\">&rarr;<\/span><\/a><\/p>\n","protected":false},"author":1,"featured_media":0,"comment_status":"closed","ping_status":"closed","sticky":false,"template":"","format":"standard","meta":{"ngg_post_thumbnail":0,"footnotes":""},"categories":[3],"tags":[],"class_list":["post-9619","post","type-post","status-publish","format-standard","hentry","category-allgemein"],"_links":{"self":[{"href":"https:\/\/dpg-netz-bremen.de\/index.php?rest_route=\/wp\/v2\/posts\/9619","targetHints":{"allow":["GET"]}}],"collection":[{"href":"https:\/\/dpg-netz-bremen.de\/index.php?rest_route=\/wp\/v2\/posts"}],"about":[{"href":"https:\/\/dpg-netz-bremen.de\/index.php?rest_route=\/wp\/v2\/types\/post"}],"author":[{"embeddable":true,"href":"https:\/\/dpg-netz-bremen.de\/index.php?rest_route=\/wp\/v2\/users\/1"}],"replies":[{"embeddable":true,"href":"https:\/\/dpg-netz-bremen.de\/index.php?rest_route=%2Fwp%2Fv2%2Fcomments&post=9619"}],"version-history":[{"count":6,"href":"https:\/\/dpg-netz-bremen.de\/index.php?rest_route=\/wp\/v2\/posts\/9619\/revisions"}],"predecessor-version":[{"id":9625,"href":"https:\/\/dpg-netz-bremen.de\/index.php?rest_route=\/wp\/v2\/posts\/9619\/revisions\/9625"}],"wp:attachment":[{"href":"https:\/\/dpg-netz-bremen.de\/index.php?rest_route=%2Fwp%2Fv2%2Fmedia&parent=9619"}],"wp:term":[{"taxonomy":"category","embeddable":true,"href":"https:\/\/dpg-netz-bremen.de\/index.php?rest_route=%2Fwp%2Fv2%2Fcategories&post=9619"},{"taxonomy":"post_tag","embeddable":true,"href":"https:\/\/dpg-netz-bremen.de\/index.php?rest_route=%2Fwp%2Fv2%2Ftags&post=9619"}],"curies":[{"name":"wp","href":"https:\/\/api.w.org\/{rel}","templated":true}]}}